{"id":989,"date":"2019-03-28T18:36:39","date_gmt":"2019-03-28T18:36:39","guid":{"rendered":"http:\/\/aosma.es\/wordpress\/?p=989"},"modified":"2019-03-28T18:36:40","modified_gmt":"2019-03-28T18:36:40","slug":"iii-congreso-internacional-de-orientacion-y-x-encuentro-estatal-de-orientacion","status":"publish","type":"post","link":"https:\/\/aosma.es\/wordpress\/2019\/03\/28\/iii-congreso-internacional-de-orientacion-y-x-encuentro-estatal-de-orientacion\/","title":{"rendered":"III Congreso Internacional de Orientaci\u00f3n y X Encuentro Estatal de Orientaci\u00f3n"},"content":{"rendered":"\n<figure class=\"wp-block-image\"><img decoding=\"async\" src=\"https:\/\/www.copoe.org\/media\/k2\/items\/cache\/377829b055e89e3afb894e7528a10996_XL.jpg\" alt=\"\"\/><figcaption><a href=\"https:\/\/www.encuentrobadajoz2019apoex.es\/\" target=\"_blank\" rel=\"noreferrer noopener\" aria-label=\" (opens in a new tab)\">https:\/\/www.encuentrobadajoz2019apoex.es\/<\/a><\/figcaption><\/figure>\n\n\n\n<!--more-->\n\n\n\n<p> El pr\u00f3ximo mes de abril estaremos en\u00a0<strong>Badajoz<\/strong>\u00a0asistiendo al III Congreso Internacional de Orientaci\u00f3n y X Encuentro Estatal de Orientaci\u00f3n que se celebrar\u00e1 los d\u00edas\u00a0<strong>26 y 27<\/strong>\u00a0 bajo el lema \u00abOrientaci\u00f3n educativa: nuevas realidades, apasionantes retos\u00bb. <\/p>\n\n\n\n<p>Toda la informaci\u00f3n en <a rel=\"noreferrer noopener\" aria-label=\"este enlace (opens in a new tab)\" href=\"https:\/\/www.encuentrobadajoz2019apoex.es\/\" target=\"_blank\"><strong>este enlace<\/strong><\/a>. Desde M\u00e1laga iremos un nutrido grupo, si est\u00e1s interesado ponte en contacto con nosotros.<\/p>\n","protected":false},"excerpt":{"rendered":"","protected":false},"author":2,"featured_media":0,"comment_status":"open","ping_status":"open","sticky":false,"template":"","format":"standard","meta":{"generate_page_header":"","footnotes":""},"categories":[8,14,1],"tags":[],"class_list":["post-989","post","type-post","status-publish","format-standard","hentry","category-miscelanea","category-noticias","category-orientacion-academico-profesional-areas-de-trabajo","generate-columns","tablet-grid-50","mobile-grid-100","grid-parent","grid-50"],"_links":{"self":[{"href":"https:\/\/aosma.es\/wordpress\/wp-json\/wp\/v2\/posts\/989","targetHints":{"allow":["GET"]}}],"collection":[{"href":"https:\/\/aosma.es\/wordpress\/wp-json\/wp\/v2\/posts"}],"about":[{"href":"https:\/\/aosma.es\/wordpress\/wp-json\/wp\/v2\/types\/post"}],"author":[{"embeddable":true,"href":"https:\/\/aosma.es\/wordpress\/wp-json\/wp\/v2\/users\/2"}],"replies":[{"embeddable":true,"href":"https:\/\/aosma.es\/wordpress\/wp-json\/wp\/v2\/comments?post=989"}],"version-history":[{"count":2,"href":"https:\/\/aosma.es\/wordpress\/wp-json\/wp\/v2\/posts\/989\/revisions"}],"predecessor-version":[{"id":991,"href":"https:\/\/aosma.es\/wordpress\/wp-json\/wp\/v2\/posts\/989\/revisions\/991"}],"wp:attachment":[{"href":"https:\/\/aosma.es\/wordpress\/wp-json\/wp\/v2\/media?parent=989"}],"wp:term":[{"taxonomy":"category","embeddable":true,"href":"https:\/\/aosma.es\/wordpress\/wp-json\/wp\/v2\/categories?post=989"},{"taxonomy":"post_tag","embeddable":true,"href":"https:\/\/aosma.es\/wordpress\/wp-json\/wp\/v2\/tags?post=989"}],"curies":[{"name":"wp","href":"https:\/\/api.w.org\/{rel}","templated":true}]}}