{"id":962,"date":"2019-03-23T15:35:49","date_gmt":"2019-03-23T15:35:49","guid":{"rendered":"http:\/\/aosma.es\/wordpress\/?p=962"},"modified":"2019-03-23T15:40:59","modified_gmt":"2019-03-23T15:40:59","slug":"i-encuentro-provincial-para-la-orientacion-vocacional","status":"publish","type":"post","link":"https:\/\/aosma.es\/wordpress\/2019\/03\/23\/i-encuentro-provincial-para-la-orientacion-vocacional\/","title":{"rendered":"I Encuentro Provincial para la Orientaci\u00f3n Vocacional"},"content":{"rendered":"\n<p>Desde el Equipo T\u00e9cnico Provincial de Orientaci\u00f3n Educativa y Profesional de M\u00e1laga, nos proponen un encuentro el viernes 12 de abril, dirigido a los alumnos de 4\u00ba ESO con el objetivo de favorecer la orientaci\u00f3n acad\u00e9mico y profesional de estos chicos y chicas presentando referentes en M\u00e1laga que transmitan pasi\u00f3n por su vocaci\u00f3n y que puedan ilusionar y motivar a nuestro alumnado. Adjuntamos el cartel de la jornada, donde viene el enlace para inscribirse.<\/p>\n\n\n\n<div class=\"wp-block-file\"><a href=\"https:\/\/aosma.es\/wordpress\/wp-content\/uploads\/2019\/03\/Correos-electr\u00f3nicos-SOMOS-TOP-Cartel-y-Organ.pdf\">Puedes descargar el cartel de la jornada pulsando aqu\u00ed<\/a><a href=\"https:\/\/aosma.es\/wordpress\/wp-content\/uploads\/2019\/03\/Correos-electr\u00f3nicos-SOMOS-TOP-Cartel-y-Organ.pdf\" class=\"wp-block-file__button\" download>Descargar<\/a><\/div>\n","protected":false},"excerpt":{"rendered":"<p>Desde el Equipo T\u00e9cnico Provincial de Orientaci\u00f3n Educativa y Profesional de M\u00e1laga, nos proponen un encuentro el viernes 12 de abril, dirigido a los alumnos de 4\u00ba ESO con el objetivo de favorecer la orientaci\u00f3n acad\u00e9mico y profesional de estos chicos y chicas presentando referentes en M\u00e1laga que transmitan pasi\u00f3n por su vocaci\u00f3n y que &#8230; <a title=\"I Encuentro Provincial para la Orientaci\u00f3n Vocacional\" class=\"read-more\" href=\"https:\/\/aosma.es\/wordpress\/2019\/03\/23\/i-encuentro-provincial-para-la-orientacion-vocacional\/\" aria-label=\"Leer m\u00e1s sobre I Encuentro Provincial para la Orientaci\u00f3n Vocacional\">Leer m\u00e1s<\/a><\/p>\n","protected":false},"author":2,"featured_media":0,"comment_status":"open","ping_status":"open","sticky":false,"template":"","format":"standard","meta":{"generate_page_header":"","footnotes":""},"categories":[1],"tags":[],"class_list":["post-962","post","type-post","status-publish","format-standard","hentry","category-orientacion-academico-profesional-areas-de-trabajo","generate-columns","tablet-grid-50","mobile-grid-100","grid-parent","grid-50"],"_links":{"self":[{"href":"https:\/\/aosma.es\/wordpress\/wp-json\/wp\/v2\/posts\/962","targetHints":{"allow":["GET"]}}],"collection":[{"href":"https:\/\/aosma.es\/wordpress\/wp-json\/wp\/v2\/posts"}],"about":[{"href":"https:\/\/aosma.es\/wordpress\/wp-json\/wp\/v2\/types\/post"}],"author":[{"embeddable":true,"href":"https:\/\/aosma.es\/wordpress\/wp-json\/wp\/v2\/users\/2"}],"replies":[{"embeddable":true,"href":"https:\/\/aosma.es\/wordpress\/wp-json\/wp\/v2\/comments?post=962"}],"version-history":[{"count":2,"href":"https:\/\/aosma.es\/wordpress\/wp-json\/wp\/v2\/posts\/962\/revisions"}],"predecessor-version":[{"id":965,"href":"https:\/\/aosma.es\/wordpress\/wp-json\/wp\/v2\/posts\/962\/revisions\/965"}],"wp:attachment":[{"href":"https:\/\/aosma.es\/wordpress\/wp-json\/wp\/v2\/media?parent=962"}],"wp:term":[{"taxonomy":"category","embeddable":true,"href":"https:\/\/aosma.es\/wordpress\/wp-json\/wp\/v2\/categories?post=962"},{"taxonomy":"post_tag","embeddable":true,"href":"https:\/\/aosma.es\/wordpress\/wp-json\/wp\/v2\/tags?post=962"}],"curies":[{"name":"wp","href":"https:\/\/api.w.org\/{rel}","templated":true}]}}