{"id":890,"date":"2019-02-10T18:38:59","date_gmt":"2019-02-10T18:38:59","guid":{"rendered":"http:\/\/aosma.es\/wordpress\/?p=890"},"modified":"2019-03-11T19:39:43","modified_gmt":"2019-03-11T19:39:43","slug":"asamblea-anual-2019-y-cena","status":"publish","type":"post","link":"https:\/\/aosma.es\/wordpress\/2019\/02\/10\/asamblea-anual-2019-y-cena\/","title":{"rendered":"Asamblea anual 2019 y cena"},"content":{"rendered":"\n<p>El <strong>jueves 7 de marzo de 2019<\/strong> se celebr\u00f3 nuestra asamblea anual en el<strong> IES <\/strong><em><strong>La\u00a0Rosaleda<\/strong> \u00a0<\/em> en el <strong>aula magna<\/strong>.<\/p>\n\n\n\n<!--more-->\n\n\n\n<p>Como esper\u00e1bamos, el reencuentro con muchas de las compa\u00f1eras y compa\u00f1eros de nuestra asociaci\u00f3n, resulta siempre un momento grato, cordial, de ponernos al d\u00eda de c\u00f3mo nos va la vida, porque adem\u00e1s de ser colegas de trabajo, somos AMIGOS; por eso los pre\u00e1mbulos de salutaci\u00f3n son muy gratos.<\/p>\n\n\n\n<p>Despu\u00e9s, conforme al orden del d\u00eda de la asamblea, los miembros de la junta directiva expusieron la informaci\u00f3n sobre el funcionamiento de la asociaci\u00f3n, sobre c\u00f3mo se est\u00e1 potenciando la federaci\u00f3n andaluza FAPOAN y cu\u00e1les son las propuestas m\u00e1s importantes que tenemos por delante.<\/p>\n\n\n\n<ul class=\"wp-block-gallery columns-3 is-cropped wp-block-gallery-1 is-layout-flex wp-block-gallery-is-layout-flex\"><li class=\"blocks-gallery-item\"><figure><img loading=\"lazy\" decoding=\"async\" width=\"1024\" height=\"768\" src=\"http:\/\/aosma.es\/wordpress\/wp-content\/uploads\/2019\/03\/IMG_20190307_202719774_HDR-copia-1024x768.jpg\" alt=\"\" data-id=\"935\" data-link=\"http:\/\/aosma.es\/wordpress\/2019\/02\/10\/asamblea-anual-2019-y-cena\/img_20190307_202719774_hdr-copia\/#main\" class=\"wp-image-935\" srcset=\"https:\/\/aosma.es\/wordpress\/wp-content\/uploads\/2019\/03\/IMG_20190307_202719774_HDR-copia-1024x768.jpg 1024w, https:\/\/aosma.es\/wordpress\/wp-content\/uploads\/2019\/03\/IMG_20190307_202719774_HDR-copia-300x225.jpg 300w, https:\/\/aosma.es\/wordpress\/wp-content\/uploads\/2019\/03\/IMG_20190307_202719774_HDR-copia-768x576.jpg 768w\" sizes=\"auto, (max-width: 1024px) 100vw, 1024px\" \/><figcaption>La junta directiva preside la asamblea general<\/figcaption><\/figure><\/li><li class=\"blocks-gallery-item\"><figure><img loading=\"lazy\" decoding=\"async\" width=\"1024\" height=\"512\" src=\"http:\/\/aosma.es\/wordpress\/wp-content\/uploads\/2019\/03\/IMG-20190307-WA0005-copia-1024x512.jpg\" alt=\"\" data-id=\"936\" data-link=\"http:\/\/aosma.es\/wordpress\/2019\/02\/10\/asamblea-anual-2019-y-cena\/img-20190307-wa0005-copia\/#main\" class=\"wp-image-936\" srcset=\"https:\/\/aosma.es\/wordpress\/wp-content\/uploads\/2019\/03\/IMG-20190307-WA0005-copia-1024x512.jpg 1024w, https:\/\/aosma.es\/wordpress\/wp-content\/uploads\/2019\/03\/IMG-20190307-WA0005-copia-300x150.jpg 300w, https:\/\/aosma.es\/wordpress\/wp-content\/uploads\/2019\/03\/IMG-20190307-WA0005-copia-768x384.jpg 768w, https:\/\/aosma.es\/wordpress\/wp-content\/uploads\/2019\/03\/IMG-20190307-WA0005-copia.jpg 1600w\" sizes=\"auto, (max-width: 1024px) 100vw, 1024px\" \/><figcaption>\u00c1ngela nos presenta el nuevo n\u00famero de nuestra revista con un monogr\u00e1fico sobre Cine y Educaci\u00f3n<\/figcaption><\/figure><\/li><li class=\"blocks-gallery-item\"><figure><img loading=\"lazy\" decoding=\"async\" width=\"1024\" height=\"768\" src=\"http:\/\/aosma.es\/wordpress\/wp-content\/uploads\/2019\/03\/IMG-20190308-WA0000-1024x768.jpg\" alt=\"\" data-id=\"937\" data-link=\"http:\/\/aosma.es\/wordpress\/2019\/02\/10\/asamblea-anual-2019-y-cena\/img-20190308-wa0000-2\/#main\" class=\"wp-image-937\" srcset=\"https:\/\/aosma.es\/wordpress\/wp-content\/uploads\/2019\/03\/IMG-20190308-WA0000.jpg 1024w, https:\/\/aosma.es\/wordpress\/wp-content\/uploads\/2019\/03\/IMG-20190308-WA0000-300x225.jpg 300w, https:\/\/aosma.es\/wordpress\/wp-content\/uploads\/2019\/03\/IMG-20190308-WA0000-768x576.jpg 768w\" sizes=\"auto, (max-width: 1024px) 100vw, 1024px\" \/><figcaption>Tras la asamblea una apetitosa cena <\/figcaption><\/figure><\/li><li class=\"blocks-gallery-item\"><figure><img loading=\"lazy\" decoding=\"async\" width=\"1024\" height=\"768\" src=\"http:\/\/aosma.es\/wordpress\/wp-content\/uploads\/2019\/03\/IMG-20190308-WA0001-1024x768.jpg\" alt=\"\" data-id=\"938\" data-link=\"http:\/\/aosma.es\/wordpress\/2019\/02\/10\/asamblea-anual-2019-y-cena\/img-20190308-wa0001-2\/#main\" class=\"wp-image-938\" srcset=\"https:\/\/aosma.es\/wordpress\/wp-content\/uploads\/2019\/03\/IMG-20190308-WA0001-1024x768.jpg 1024w, https:\/\/aosma.es\/wordpress\/wp-content\/uploads\/2019\/03\/IMG-20190308-WA0001-300x225.jpg 300w, https:\/\/aosma.es\/wordpress\/wp-content\/uploads\/2019\/03\/IMG-20190308-WA0001-768x576.jpg 768w, https:\/\/aosma.es\/wordpress\/wp-content\/uploads\/2019\/03\/IMG-20190308-WA0001.jpg 1600w\" sizes=\"auto, (max-width: 1024px) 100vw, 1024px\" \/><\/figure><\/li><li class=\"blocks-gallery-item\"><figure><img loading=\"lazy\" decoding=\"async\" width=\"1024\" height=\"768\" src=\"http:\/\/aosma.es\/wordpress\/wp-content\/uploads\/2019\/03\/IMG-20190308-WA0006-1024x768.jpg\" alt=\"\" data-id=\"939\" data-link=\"http:\/\/aosma.es\/wordpress\/2019\/02\/10\/asamblea-anual-2019-y-cena\/img-20190308-wa0006-2\/#main\" class=\"wp-image-939\" srcset=\"https:\/\/aosma.es\/wordpress\/wp-content\/uploads\/2019\/03\/IMG-20190308-WA0006-1024x768.jpg 1024w, https:\/\/aosma.es\/wordpress\/wp-content\/uploads\/2019\/03\/IMG-20190308-WA0006-300x225.jpg 300w, https:\/\/aosma.es\/wordpress\/wp-content\/uploads\/2019\/03\/IMG-20190308-WA0006-768x576.jpg 768w, https:\/\/aosma.es\/wordpress\/wp-content\/uploads\/2019\/03\/IMG-20190308-WA0006.jpg 1600w\" sizes=\"auto, (max-width: 1024px) 100vw, 1024px\" \/><figcaption>El restaurante de La Rosaleda nos ofreci\u00f3 unos magn\u00edficos platos preparados por los chicos que all\u00ed estudian.<\/figcaption><\/figure><\/li><li class=\"blocks-gallery-item\"><figure><img loading=\"lazy\" decoding=\"async\" width=\"1024\" height=\"1024\" src=\"http:\/\/aosma.es\/wordpress\/wp-content\/uploads\/2019\/03\/IMG-20190308-WA0007-1024x1024.jpg\" alt=\"\" data-id=\"940\" data-link=\"http:\/\/aosma.es\/wordpress\/2019\/02\/10\/asamblea-anual-2019-y-cena\/img-20190308-wa0007-2\/#main\" class=\"wp-image-940\" srcset=\"https:\/\/aosma.es\/wordpress\/wp-content\/uploads\/2019\/03\/IMG-20190308-WA0007-1024x1024.jpg 1024w, https:\/\/aosma.es\/wordpress\/wp-content\/uploads\/2019\/03\/IMG-20190308-WA0007-150x150.jpg 150w, https:\/\/aosma.es\/wordpress\/wp-content\/uploads\/2019\/03\/IMG-20190308-WA0007-300x300.jpg 300w, https:\/\/aosma.es\/wordpress\/wp-content\/uploads\/2019\/03\/IMG-20190308-WA0007-768x768.jpg 768w, https:\/\/aosma.es\/wordpress\/wp-content\/uploads\/2019\/03\/IMG-20190308-WA0007.jpg 1600w\" sizes=\"auto, (max-width: 1024px) 100vw, 1024px\" \/><\/figure><\/li><li class=\"blocks-gallery-item\"><figure><img loading=\"lazy\" decoding=\"async\" width=\"1024\" height=\"1024\" src=\"http:\/\/aosma.es\/wordpress\/wp-content\/uploads\/2019\/03\/IMG-20190308-WA0008-1024x1024.jpg\" alt=\"\" data-id=\"941\" data-link=\"http:\/\/aosma.es\/wordpress\/2019\/02\/10\/asamblea-anual-2019-y-cena\/img-20190308-wa0008-2\/#main\" class=\"wp-image-941\" srcset=\"https:\/\/aosma.es\/wordpress\/wp-content\/uploads\/2019\/03\/IMG-20190308-WA0008-1024x1024.jpg 1024w, https:\/\/aosma.es\/wordpress\/wp-content\/uploads\/2019\/03\/IMG-20190308-WA0008-150x150.jpg 150w, https:\/\/aosma.es\/wordpress\/wp-content\/uploads\/2019\/03\/IMG-20190308-WA0008-300x300.jpg 300w, https:\/\/aosma.es\/wordpress\/wp-content\/uploads\/2019\/03\/IMG-20190308-WA0008-768x768.jpg 768w, https:\/\/aosma.es\/wordpress\/wp-content\/uploads\/2019\/03\/IMG-20190308-WA0008.jpg 1600w\" sizes=\"auto, (max-width: 1024px) 100vw, 1024px\" \/><\/figure><\/li><li class=\"blocks-gallery-item\"><figure><img loading=\"lazy\" decoding=\"async\" width=\"1024\" height=\"768\" src=\"http:\/\/aosma.es\/wordpress\/wp-content\/uploads\/2019\/03\/IMG-20190308-WA0011-1024x768.jpg\" alt=\"\" data-id=\"943\" data-link=\"http:\/\/aosma.es\/wordpress\/2019\/02\/10\/asamblea-anual-2019-y-cena\/img-20190308-wa0011-2\/#main\" class=\"wp-image-943\" srcset=\"https:\/\/aosma.es\/wordpress\/wp-content\/uploads\/2019\/03\/IMG-20190308-WA0011-1024x768.jpg 1024w, https:\/\/aosma.es\/wordpress\/wp-content\/uploads\/2019\/03\/IMG-20190308-WA0011-300x225.jpg 300w, https:\/\/aosma.es\/wordpress\/wp-content\/uploads\/2019\/03\/IMG-20190308-WA0011-768x576.jpg 768w, https:\/\/aosma.es\/wordpress\/wp-content\/uploads\/2019\/03\/IMG-20190308-WA0011.jpg 1600w\" sizes=\"auto, (max-width: 1024px) 100vw, 1024px\" \/><\/figure><\/li><li class=\"blocks-gallery-item\"><figure><img loading=\"lazy\" decoding=\"async\" width=\"1024\" height=\"768\" src=\"http:\/\/aosma.es\/wordpress\/wp-content\/uploads\/2019\/03\/IMG-20190308-WA0013-1024x768.jpg\" alt=\"\" data-id=\"945\" data-link=\"http:\/\/aosma.es\/wordpress\/2019\/02\/10\/asamblea-anual-2019-y-cena\/img-20190308-wa0013-2\/#main\" class=\"wp-image-945\" srcset=\"https:\/\/aosma.es\/wordpress\/wp-content\/uploads\/2019\/03\/IMG-20190308-WA0013-1024x768.jpg 1024w, https:\/\/aosma.es\/wordpress\/wp-content\/uploads\/2019\/03\/IMG-20190308-WA0013-300x225.jpg 300w, https:\/\/aosma.es\/wordpress\/wp-content\/uploads\/2019\/03\/IMG-20190308-WA0013-768x576.jpg 768w, https:\/\/aosma.es\/wordpress\/wp-content\/uploads\/2019\/03\/IMG-20190308-WA0013.jpg 1600w\" sizes=\"auto, (max-width: 1024px) 100vw, 1024px\" \/><\/figure><\/li><li class=\"blocks-gallery-item\"><figure><img loading=\"lazy\" decoding=\"async\" width=\"1024\" height=\"1024\" src=\"http:\/\/aosma.es\/wordpress\/wp-content\/uploads\/2019\/03\/IMG-20190308-WA0015-1024x1024.jpg\" alt=\"\" data-id=\"946\" data-link=\"http:\/\/aosma.es\/wordpress\/2019\/02\/10\/asamblea-anual-2019-y-cena\/img-20190308-wa0015-2\/#main\" class=\"wp-image-946\" srcset=\"https:\/\/aosma.es\/wordpress\/wp-content\/uploads\/2019\/03\/IMG-20190308-WA0015-1024x1024.jpg 1024w, https:\/\/aosma.es\/wordpress\/wp-content\/uploads\/2019\/03\/IMG-20190308-WA0015-150x150.jpg 150w, https:\/\/aosma.es\/wordpress\/wp-content\/uploads\/2019\/03\/IMG-20190308-WA0015-300x300.jpg 300w, https:\/\/aosma.es\/wordpress\/wp-content\/uploads\/2019\/03\/IMG-20190308-WA0015-768x768.jpg 768w, https:\/\/aosma.es\/wordpress\/wp-content\/uploads\/2019\/03\/IMG-20190308-WA0015.jpg 1600w\" sizes=\"auto, (max-width: 1024px) 100vw, 1024px\" \/><\/figure><\/li><li class=\"blocks-gallery-item\"><figure><img loading=\"lazy\" decoding=\"async\" width=\"1024\" height=\"721\" src=\"http:\/\/aosma.es\/wordpress\/wp-content\/uploads\/2019\/03\/IMG-20190308-WA0017-1024x721.jpg\" alt=\"\" data-id=\"947\" data-link=\"http:\/\/aosma.es\/wordpress\/2019\/02\/10\/asamblea-anual-2019-y-cena\/img-20190308-wa0017-2\/#main\" class=\"wp-image-947\" srcset=\"https:\/\/aosma.es\/wordpress\/wp-content\/uploads\/2019\/03\/IMG-20190308-WA0017-1024x721.jpg 1024w, https:\/\/aosma.es\/wordpress\/wp-content\/uploads\/2019\/03\/IMG-20190308-WA0017-300x211.jpg 300w, https:\/\/aosma.es\/wordpress\/wp-content\/uploads\/2019\/03\/IMG-20190308-WA0017-768x540.jpg 768w, https:\/\/aosma.es\/wordpress\/wp-content\/uploads\/2019\/03\/IMG-20190308-WA0017.jpg 1600w\" sizes=\"auto, (max-width: 1024px) 100vw, 1024px\" \/><\/figure><\/li><\/ul>\n\n\n\n<figure class=\"wp-block-image\"><img loading=\"lazy\" decoding=\"async\" width=\"1600\" height=\"1200\" src=\"https:\/\/i1.wp.com\/aosma.es\/wordpress\/wp-content\/uploads\/2019\/03\/IMG-20190307-WA0008-1.jpg?fit=1024%2C768\" alt=\"\" class=\"wp-image-949\" srcset=\"https:\/\/aosma.es\/wordpress\/wp-content\/uploads\/2019\/03\/IMG-20190307-WA0008-1.jpg 1600w, https:\/\/aosma.es\/wordpress\/wp-content\/uploads\/2019\/03\/IMG-20190307-WA0008-1-300x225.jpg 300w, https:\/\/aosma.es\/wordpress\/wp-content\/uploads\/2019\/03\/IMG-20190307-WA0008-1-768x576.jpg 768w, https:\/\/aosma.es\/wordpress\/wp-content\/uploads\/2019\/03\/IMG-20190307-WA0008-1-1024x768.jpg 1024w\" sizes=\"auto, (max-width: 1600px) 100vw, 1600px\" \/><\/figure>\n\n\n\n<p>Por el inter\u00e9s de los temas a tratar y por ser un momento distendido para el encuentro entre todos nosotros, nos gustar\u00eda contar con el mayor n\u00famero de participantes. Nos vemos. <\/p>\n","protected":false},"excerpt":{"rendered":"<p>El jueves 7 de marzo de 2019 se celebr\u00f3 nuestra asamblea anual en el IES La\u00a0Rosaleda \u00a0 en el aula magna.<\/p>\n","protected":false},"author":2,"featured_media":921,"comment_status":"open","ping_status":"open","sticky":false,"template":"","format":"standard","meta":{"generate_page_header":"","footnotes":""},"categories":[1],"tags":[],"class_list":["post-890","post","type-post","status-publish","format-standard","has-post-thumbnail","hentry","category-orientacion-academico-profesional-areas-de-trabajo","generate-columns","tablet-grid-50","mobile-grid-100","grid-parent","grid-50"],"_links":{"self":[{"href":"https:\/\/aosma.es\/wordpress\/wp-json\/wp\/v2\/posts\/890","targetHints":{"allow":["GET"]}}],"collection":[{"href":"https:\/\/aosma.es\/wordpress\/wp-json\/wp\/v2\/posts"}],"about":[{"href":"https:\/\/aosma.es\/wordpress\/wp-json\/wp\/v2\/types\/post"}],"author":[{"embeddable":true,"href":"https:\/\/aosma.es\/wordpress\/wp-json\/wp\/v2\/users\/2"}],"replies":[{"embeddable":true,"href":"https:\/\/aosma.es\/wordpress\/wp-json\/wp\/v2\/comments?post=890"}],"version-history":[{"count":9,"href":"https:\/\/aosma.es\/wordpress\/wp-json\/wp\/v2\/posts\/890\/revisions"}],"predecessor-version":[{"id":951,"href":"https:\/\/aosma.es\/wordpress\/wp-json\/wp\/v2\/posts\/890\/revisions\/951"}],"wp:featuredmedia":[{"embeddable":true,"href":"https:\/\/aosma.es\/wordpress\/wp-json\/wp\/v2\/media\/921"}],"wp:attachment":[{"href":"https:\/\/aosma.es\/wordpress\/wp-json\/wp\/v2\/media?parent=890"}],"wp:term":[{"taxonomy":"category","embeddable":true,"href":"https:\/\/aosma.es\/wordpress\/wp-json\/wp\/v2\/categories?post=890"},{"taxonomy":"post_tag","embeddable":true,"href":"https:\/\/aosma.es\/wordpress\/wp-json\/wp\/v2\/tags?post=890"}],"curies":[{"name":"wp","href":"https:\/\/api.w.org\/{rel}","templated":true}]}}