{"id":885,"date":"2019-02-09T09:48:19","date_gmt":"2019-02-09T09:48:19","guid":{"rendered":"http:\/\/aosma.es\/wordpress\/?p=885"},"modified":"2019-03-04T19:07:54","modified_gmt":"2019-03-04T19:07:54","slug":"cuaderno-orientacion-2019","status":"publish","type":"post","link":"https:\/\/aosma.es\/wordpress\/2019\/02\/09\/cuaderno-orientacion-2019\/","title":{"rendered":"Cuaderno Orientaci\u00f3n 2019"},"content":{"rendered":"\n<p>Agradecemos a nuestros compa\u00f1eros de C\u00e1diz la elaboraci\u00f3n de este buen material que re\u00fane en un solo documento TODA aquella informaci\u00f3n que, como orientadores y orientadoras, debemos transmitir a nuestros alumnos y alumnas tanto de ESO,  como de Bachillerato y Ciclos Formativos. <\/p>\n\n\n\n<div class=\"wp-block-image\"><figure class=\"aligncenter\"><a href=\"http:\/\/aosma.es\/wordpress\/wp-content\/uploads\/2019\/02\/Cuaderno_2019.pdf\"><img loading=\"lazy\" decoding=\"async\" width=\"960\" height=\"720\" src=\"http:\/\/aosma.es\/wordpress\/wp-content\/uploads\/2019\/02\/cuaderno.jpg\" alt=\"\" class=\"wp-image-886\" srcset=\"https:\/\/aosma.es\/wordpress\/wp-content\/uploads\/2019\/02\/cuaderno.jpg 960w, https:\/\/aosma.es\/wordpress\/wp-content\/uploads\/2019\/02\/cuaderno-300x225.jpg 300w, https:\/\/aosma.es\/wordpress\/wp-content\/uploads\/2019\/02\/cuaderno-768x576.jpg 768w\" sizes=\"auto, (max-width: 960px) 100vw, 960px\" \/><\/a><\/figure><\/div>\n\n\n\n<div class=\"wp-block-file\"><a href=\"http:\/\/aosma.es\/wordpress\/wp-content\/uploads\/2019\/02\/Cuaderno_2019.pdf\">Cuaderno_2019<\/a><a href=\"http:\/\/aosma.es\/wordpress\/wp-content\/uploads\/2019\/02\/Cuaderno_2019.pdf\" class=\"wp-block-file__button\" download>Descargar<\/a><\/div>\n","protected":false},"excerpt":{"rendered":"<p>Agradecemos a nuestros compa\u00f1eros de C\u00e1diz la elaboraci\u00f3n de este buen material que re\u00fane en un solo documento TODA aquella informaci\u00f3n que, como orientadores y orientadoras, debemos transmitir a nuestros alumnos y alumnas tanto de ESO, como de Bachillerato y Ciclos Formativos.<\/p>\n","protected":false},"author":2,"featured_media":0,"comment_status":"open","ping_status":"open","sticky":false,"template":"","format":"standard","meta":{"generate_page_header":"","footnotes":""},"categories":[14,1],"tags":[],"class_list":["post-885","post","type-post","status-publish","format-standard","hentry","category-noticias","category-orientacion-academico-profesional-areas-de-trabajo","generate-columns","tablet-grid-50","mobile-grid-100","grid-parent","grid-50"],"_links":{"self":[{"href":"https:\/\/aosma.es\/wordpress\/wp-json\/wp\/v2\/posts\/885","targetHints":{"allow":["GET"]}}],"collection":[{"href":"https:\/\/aosma.es\/wordpress\/wp-json\/wp\/v2\/posts"}],"about":[{"href":"https:\/\/aosma.es\/wordpress\/wp-json\/wp\/v2\/types\/post"}],"author":[{"embeddable":true,"href":"https:\/\/aosma.es\/wordpress\/wp-json\/wp\/v2\/users\/2"}],"replies":[{"embeddable":true,"href":"https:\/\/aosma.es\/wordpress\/wp-json\/wp\/v2\/comments?post=885"}],"version-history":[{"count":2,"href":"https:\/\/aosma.es\/wordpress\/wp-json\/wp\/v2\/posts\/885\/revisions"}],"predecessor-version":[{"id":889,"href":"https:\/\/aosma.es\/wordpress\/wp-json\/wp\/v2\/posts\/885\/revisions\/889"}],"wp:attachment":[{"href":"https:\/\/aosma.es\/wordpress\/wp-json\/wp\/v2\/media?parent=885"}],"wp:term":[{"taxonomy":"category","embeddable":true,"href":"https:\/\/aosma.es\/wordpress\/wp-json\/wp\/v2\/categories?post=885"},{"taxonomy":"post_tag","embeddable":true,"href":"https:\/\/aosma.es\/wordpress\/wp-json\/wp\/v2\/tags?post=885"}],"curies":[{"name":"wp","href":"https:\/\/api.w.org\/{rel}","templated":true}]}}