{"id":409,"date":"2018-12-01T18:42:16","date_gmt":"2018-12-01T18:42:16","guid":{"rendered":"http:\/\/aosma.es\/wordpress\/?p=409"},"modified":"2019-01-11T17:32:06","modified_gmt":"2019-01-11T17:32:06","slug":"invitacion-de-aosma-para-pre-estreno-educativo","status":"publish","type":"post","link":"https:\/\/aosma.es\/wordpress\/2018\/12\/01\/invitacion-de-aosma-para-pre-estreno-educativo\/","title":{"rendered":"Pre-estreno educativo de la pel\u00edcula \u00abYuli\u00bb"},"content":{"rendered":"<p>El<strong> jueves 13 de diciembre, organizado por nuestra asociaci\u00f3n, tuvo lugar el pre-estreno educativo de la nueva pel\u00edcula de Ic\u00edar Bolla\u00edn: Yuli\u00a0<\/strong>.<\/p>\n<p><!--more--><\/p>\n<p>Desde la comunidad\u00a0<em>Cine y Educaci\u00f3n\u00a0 (\u00abCERO EN CONDUCTA\u00bb)<\/em>\u00a0compartimos con la comunidad de orientadoras y orientadores la nueva pel\u00edcula de Ic\u00edar Bolla\u00edn que cuenta la historia real de Carlos Acosta, que desde su Cuba natal lleg\u00f3 a ser el primer bailar\u00edn negro al frente del <em>Royal Ballet.\u00a0<\/em><\/p>\n<p>Como en otros estrenos anteriores, un grupo de profesores y profesoras ha preparado un<strong><a href=\"http:\/\/yulipelicula.blogspot.com\/\" target=\"_blank\" rel=\"noopener\"> blog de la pel\u00edcula<\/a> <\/strong>para trabajar con nuestros alumnos y alumnas, incluye un cuaderno de trabajo muy completo que pod\u00e9is consultar en este enlace <a href=\"https:\/\/yulipelicula.blogspot.com\/p\/orientaciones-para-profesores.html\" target=\"_blank\" rel=\"noopener\">CUADERNILLO DE TRABAJO.<\/a><\/p>\n<p>Puedes consultar todo lo relacionado con el estreno en M\u00e1laga en <strong><a href=\"http:\/\/yulipelicula.blogspot.com\/2018\/12\/preestreno-educativo-de-yuli-en.html\">este enlace directo al blog de la pel\u00edcula<\/a><\/strong>. Gracias a M\u00aa \u00c1ngeles Romero.<\/p>\n","protected":false},"excerpt":{"rendered":"<p>El jueves 13 de diciembre, organizado por nuestra asociaci\u00f3n, tuvo lugar el pre-estreno educativo de la nueva pel\u00edcula de Ic\u00edar Bolla\u00edn: Yuli\u00a0.<\/p>\n","protected":false},"author":2,"featured_media":415,"comment_status":"open","ping_status":"open","sticky":false,"template":"","format":"standard","meta":{"generate_page_header":"","footnotes":""},"categories":[7,14,1],"tags":[],"class_list":["post-409","post","type-post","status-publish","format-standard","has-post-thumbnail","hentry","category-accion-tutorial","category-noticias","category-orientacion-academico-profesional-areas-de-trabajo","generate-columns","tablet-grid-50","mobile-grid-100","grid-parent","grid-50"],"_links":{"self":[{"href":"https:\/\/aosma.es\/wordpress\/wp-json\/wp\/v2\/posts\/409","targetHints":{"allow":["GET"]}}],"collection":[{"href":"https:\/\/aosma.es\/wordpress\/wp-json\/wp\/v2\/posts"}],"about":[{"href":"https:\/\/aosma.es\/wordpress\/wp-json\/wp\/v2\/types\/post"}],"author":[{"embeddable":true,"href":"https:\/\/aosma.es\/wordpress\/wp-json\/wp\/v2\/users\/2"}],"replies":[{"embeddable":true,"href":"https:\/\/aosma.es\/wordpress\/wp-json\/wp\/v2\/comments?post=409"}],"version-history":[{"count":8,"href":"https:\/\/aosma.es\/wordpress\/wp-json\/wp\/v2\/posts\/409\/revisions"}],"predecessor-version":[{"id":871,"href":"https:\/\/aosma.es\/wordpress\/wp-json\/wp\/v2\/posts\/409\/revisions\/871"}],"wp:featuredmedia":[{"embeddable":true,"href":"https:\/\/aosma.es\/wordpress\/wp-json\/wp\/v2\/media\/415"}],"wp:attachment":[{"href":"https:\/\/aosma.es\/wordpress\/wp-json\/wp\/v2\/media?parent=409"}],"wp:term":[{"taxonomy":"category","embeddable":true,"href":"https:\/\/aosma.es\/wordpress\/wp-json\/wp\/v2\/categories?post=409"},{"taxonomy":"post_tag","embeddable":true,"href":"https:\/\/aosma.es\/wordpress\/wp-json\/wp\/v2\/tags?post=409"}],"curies":[{"name":"wp","href":"https:\/\/api.w.org\/{rel}","templated":true}]}}