{"id":1886,"date":"2023-11-16T16:23:17","date_gmt":"2023-11-16T16:23:17","guid":{"rendered":"https:\/\/aosma.es\/wordpress\/?p=1886"},"modified":"2023-11-16T16:26:34","modified_gmt":"2023-11-16T16:26:34","slug":"actividades-formativas-para-este-curso","status":"publish","type":"post","link":"https:\/\/aosma.es\/wordpress\/2023\/11\/16\/actividades-formativas-para-este-curso\/","title":{"rendered":"Actividades Formativas\u00a0para este curso"},"content":{"rendered":"\n<p>Estimadas compa\u00f1eras, estimados compa\u00f1eros:<\/p>\n\n\n\n<p>&nbsp;La Junta Directiva de AOSMA en las \u00faltimas reuniones se planificaron las actividades formativas y eventos del curso.&nbsp;<\/p>\n\n\n\n<p>Las&nbsp;<strong>Actividades Formativas<\/strong>&nbsp;son las siguientes:<\/p>\n\n\n\n<p>&nbsp;<strong>Orientaci\u00f3n hacia la FP (enero 2024)<\/strong><\/p>\n\n\n\n<p>La formaci\u00f3n se realizar\u00e1 en 2 sesiones (martes 23 y jueves 25 de enero), las ponentes son:<\/p>\n\n\n\n<p><strong>Patricia Santos Campos.<\/strong> Profesora de FOL, ha colaborado en el desarrollo de la nueva Legislaci\u00f3n sobre la Formaci\u00f3n Profesional, ganadora dos veces del premio mejor docente de FP en Espa\u00f1a.<\/p>\n\n\n\n<p><strong>M\u00aa Trinidad P\u00e9rez Pinto<\/strong>.&nbsp;Compa\u00f1era de AOSMA, ha sido Coordinadora anteriormente del \u00c1rea de Orientaci\u00f3n Vocacional y Profesional en el ETPOEP y actualmente Orientadora educativa en European School Luxembourg II. Orientaci\u00f3n para la carrera de Espa\u00f1a.<\/p>\n\n\n\n<!--more-->\n\n\n\n<p><strong>Pr\u00e1ctica y reflexiones sobre la Evaluaci\u00f3n Psicopedag\u00f3gica (febrero 2024)<\/strong><\/p>\n\n\n\n<p>La formaci\u00f3n se realizar\u00e1 en 2 sesiones (martes 13 y 20 de febrero), las ponentes son:<\/p>\n\n\n\n<p><strong>David de la Rosa Dom\u00ednguez<\/strong>. Compa\u00f1ero de la Junta de AOSMA y orientador en el IES C\u00e1rbula (Almod\u00f3var del R\u00edo, C\u00f3rdoba).<\/p>\n\n\n\n<p><strong>Yuri Aomar Hamed<\/strong>. Compa\u00f1era de AOSMA. Orientadora en el EOE de Torremolinos.<\/p>\n\n\n\n<p><strong>Becas (marzo 2024)<\/strong><\/p>\n\n\n\n<p>La formaci\u00f3n se realizar\u00e1 en 1 sesi\u00f3n (martes 12 de marzo), la ponente es:<\/p>\n\n\n\n<p><strong>M\u00aa Luisa Jim\u00e9nez Garc\u00eda-Hirschfeld<\/strong>. Jefa de Secci\u00f3n de Becas de la delegaci\u00f3n de educaci\u00f3n de M\u00e1laga.<\/p>\n\n\n\n<p>Este curso en M\u00e1laga como evento especial en nuestra asociaci\u00f3n, ya que somos los organizadores, tenemos el&nbsp;<strong>XIV ENCUENTRO ESTATAL DE ORIENTACI\u00d3N EDUCATIVA: \u00abNuevos retos de la orientaci\u00f3n educativa\u00bb.&nbsp;<\/strong>Se celebrar\u00e1 los d\u00edas 17 y 18 de mayo de 2024, en breve tendremos a vuestra disposici\u00f3n el programa del encuentro y la p\u00e1gina web con toda la informaci\u00f3n para inscribirse en dicho encuentro. Os animamos para que todas y todos particip\u00e9is en este evento a nivel estatal, va a suponer una experiencia enriquecedora donde podremos compartir muchos buenos momentos.<\/p>\n\n\n\n<p>&nbsp;Esperamos que la oferta sea de tu inter\u00e9s y contemos con tu participaci\u00f3n.&nbsp;<\/p>\n","protected":false},"excerpt":{"rendered":"<p>Estimadas compa\u00f1eras, estimados compa\u00f1eros: &nbsp;La Junta Directiva de AOSMA en las \u00faltimas reuniones se planificaron las actividades formativas y eventos del curso.&nbsp; Las&nbsp;Actividades Formativas&nbsp;son las siguientes: &nbsp;Orientaci\u00f3n hacia la FP (enero 2024) La formaci\u00f3n se realizar\u00e1 en 2 sesiones (martes 23 y jueves 25 de enero), las ponentes son: Patricia Santos Campos. Profesora de FOL, &#8230; <a title=\"Actividades Formativas\u00a0para este curso\" class=\"read-more\" href=\"https:\/\/aosma.es\/wordpress\/2023\/11\/16\/actividades-formativas-para-este-curso\/\" aria-label=\"Leer m\u00e1s sobre Actividades Formativas\u00a0para este curso\">Leer m\u00e1s<\/a><\/p>\n","protected":false},"author":1,"featured_media":0,"comment_status":"open","ping_status":"open","sticky":false,"template":"","format":"standard","meta":{"generate_page_header":"","footnotes":""},"categories":[33,34,8,14],"tags":[],"class_list":["post-1886","post","type-post","status-publish","format-standard","hentry","category-formacion","category-formacion_aosma","category-miscelanea","category-noticias","generate-columns","tablet-grid-50","mobile-grid-100","grid-parent","grid-50"],"_links":{"self":[{"href":"https:\/\/aosma.es\/wordpress\/wp-json\/wp\/v2\/posts\/1886","targetHints":{"allow":["GET"]}}],"collection":[{"href":"https:\/\/aosma.es\/wordpress\/wp-json\/wp\/v2\/posts"}],"about":[{"href":"https:\/\/aosma.es\/wordpress\/wp-json\/wp\/v2\/types\/post"}],"author":[{"embeddable":true,"href":"https:\/\/aosma.es\/wordpress\/wp-json\/wp\/v2\/users\/1"}],"replies":[{"embeddable":true,"href":"https:\/\/aosma.es\/wordpress\/wp-json\/wp\/v2\/comments?post=1886"}],"version-history":[{"count":2,"href":"https:\/\/aosma.es\/wordpress\/wp-json\/wp\/v2\/posts\/1886\/revisions"}],"predecessor-version":[{"id":1890,"href":"https:\/\/aosma.es\/wordpress\/wp-json\/wp\/v2\/posts\/1886\/revisions\/1890"}],"wp:attachment":[{"href":"https:\/\/aosma.es\/wordpress\/wp-json\/wp\/v2\/media?parent=1886"}],"wp:term":[{"taxonomy":"category","embeddable":true,"href":"https:\/\/aosma.es\/wordpress\/wp-json\/wp\/v2\/categories?post=1886"},{"taxonomy":"post_tag","embeddable":true,"href":"https:\/\/aosma.es\/wordpress\/wp-json\/wp\/v2\/tags?post=1886"}],"curies":[{"name":"wp","href":"https:\/\/api.w.org\/{rel}","templated":true}]}}