{"id":1864,"date":"2023-04-14T07:14:40","date_gmt":"2023-04-14T07:14:40","guid":{"rendered":"https:\/\/aosma.es\/wordpress\/?p=1864"},"modified":"2023-04-25T09:54:34","modified_gmt":"2023-04-25T09:54:34","slug":"curso-prevencion-y-deteccion-de-las-dificultades-especificas-de-aprendizaje","status":"publish","type":"post","link":"https:\/\/aosma.es\/wordpress\/2023\/04\/14\/curso-prevencion-y-deteccion-de-las-dificultades-especificas-de-aprendizaje\/","title":{"rendered":"Curso: Prevenci\u00f3n y detecci\u00f3n de las dificultades espec\u00edficas de aprendizaje"},"content":{"rendered":"\n<p>\u00abDe puentes y rinocerontes\u00bb <strong>jueves 20 y 27 de abril&nbsp;<\/strong>de&nbsp;<strong>17 a 19 horas<\/strong>.<\/p>\n\n\n\n<p>Curso en\u00a0<strong>modalidad online<\/strong>\u00a0de\u00a0\u201c<strong>De puentes y rinocerontes:<\/strong>\u00a0<strong>Prevenci\u00f3n y detecci\u00f3n de las dificultades espec\u00edficas de aprendizaje\u201d<\/strong>\u00a0que impartir\u00e1n\u00a0<strong>Ana Murcia Asensio, Mar\u00eda Mu\u00f1iz e Irene Miravalles,\u00a0<\/strong>compa\u00f1eras orientadoras de Asturias muy implicadas en la formaci\u00f3n de Orientaci\u00f3n educativa por su experiencia en esta \u00e1rea.\u00a0<\/p>\n\n\n\n<!--more-->\n\n\n\n<p>Esta formaci\u00f3n incluye dos sesiones que se impartir\u00e1n los\u00a0<strong>jueves 20 y 27 de abril\u00a0<\/strong>de\u00a0<strong>17 a 19 horas<\/strong>.<\/p>\n\n\n\n<p>Si quieres inscribirte, puedes hacerlo cumplimentando el siguiente enlace:<\/p>\n\n\n\n<p><a href=\"https:\/\/forms.gle\/GQ4dDuXZqyDJrSWG6\">https:\/\/forms.gle\/GQ4dDuXZqyDJrSWG6<\/a><\/p>\n\n\n\n<p>El enlace para la conexi\u00f3n se mandar\u00e1 unos d\u00edas antes de su comienzo. La recepci\u00f3n de dicho email asegura la confirmaci\u00f3n de asistencia en la formaci\u00f3n.<\/p>\n\n\n\n<p>Para que vayas reservando en la agenda si es de tu inter\u00e9s, te avanzamos que el pr\u00f3ximo&nbsp;<strong>3 de mayo<\/strong>&nbsp;est\u00e1 prevista la&nbsp;<strong>jornada de preparaci\u00f3n de oposiciones 2023<\/strong>.&nbsp;<\/p>\n\n\n\n<p>Sin m\u00e1s, espera que disfrutes y descanses de las inminentes vacaciones de Semana Santa y aprovecha para mandar un abrazo,<\/p>\n","protected":false},"excerpt":{"rendered":"<p>\u00abDe puentes y rinocerontes\u00bb jueves 20 y 27 de abril&nbsp;de&nbsp;17 a 19 horas. Curso en\u00a0modalidad online\u00a0de\u00a0\u201cDe puentes y rinocerontes:\u00a0Prevenci\u00f3n y detecci\u00f3n de las dificultades espec\u00edficas de aprendizaje\u201d\u00a0que impartir\u00e1n\u00a0Ana Murcia Asensio, Mar\u00eda Mu\u00f1iz e Irene Miravalles,\u00a0compa\u00f1eras orientadoras de Asturias muy implicadas en la formaci\u00f3n de Orientaci\u00f3n educativa por su experiencia en esta \u00e1rea.\u00a0<\/p>\n","protected":false},"author":2,"featured_media":1871,"comment_status":"open","ping_status":"open","sticky":false,"template":"","format":"standard","meta":{"generate_page_header":"","footnotes":""},"categories":[1],"tags":[],"class_list":["post-1864","post","type-post","status-publish","format-standard","has-post-thumbnail","hentry","category-orientacion-academico-profesional-areas-de-trabajo","generate-columns","tablet-grid-50","mobile-grid-100","grid-parent","grid-50"],"_links":{"self":[{"href":"https:\/\/aosma.es\/wordpress\/wp-json\/wp\/v2\/posts\/1864","targetHints":{"allow":["GET"]}}],"collection":[{"href":"https:\/\/aosma.es\/wordpress\/wp-json\/wp\/v2\/posts"}],"about":[{"href":"https:\/\/aosma.es\/wordpress\/wp-json\/wp\/v2\/types\/post"}],"author":[{"embeddable":true,"href":"https:\/\/aosma.es\/wordpress\/wp-json\/wp\/v2\/users\/2"}],"replies":[{"embeddable":true,"href":"https:\/\/aosma.es\/wordpress\/wp-json\/wp\/v2\/comments?post=1864"}],"version-history":[{"count":4,"href":"https:\/\/aosma.es\/wordpress\/wp-json\/wp\/v2\/posts\/1864\/revisions"}],"predecessor-version":[{"id":1876,"href":"https:\/\/aosma.es\/wordpress\/wp-json\/wp\/v2\/posts\/1864\/revisions\/1876"}],"wp:featuredmedia":[{"embeddable":true,"href":"https:\/\/aosma.es\/wordpress\/wp-json\/wp\/v2\/media\/1871"}],"wp:attachment":[{"href":"https:\/\/aosma.es\/wordpress\/wp-json\/wp\/v2\/media?parent=1864"}],"wp:term":[{"taxonomy":"category","embeddable":true,"href":"https:\/\/aosma.es\/wordpress\/wp-json\/wp\/v2\/categories?post=1864"},{"taxonomy":"post_tag","embeddable":true,"href":"https:\/\/aosma.es\/wordpress\/wp-json\/wp\/v2\/tags?post=1864"}],"curies":[{"name":"wp","href":"https:\/\/api.w.org\/{rel}","templated":true}]}}