{"id":1793,"date":"2022-03-07T20:35:53","date_gmt":"2022-03-07T20:35:53","guid":{"rendered":"https:\/\/aosma.es\/wordpress\/?p=1793"},"modified":"2022-03-07T20:49:56","modified_gmt":"2022-03-07T20:49:56","slug":"taller-sobre-wisc-v-aplicacion-e-identificacion-de-alumnado-con-necesidades-especificas-de-apoyo-educativo-neae","status":"publish","type":"post","link":"https:\/\/aosma.es\/wordpress\/2022\/03\/07\/taller-sobre-wisc-v-aplicacion-e-identificacion-de-alumnado-con-necesidades-especificas-de-apoyo-educativo-neae\/","title":{"rendered":"Taller sobre WISC V. Aplicaci\u00f3n e identificaci\u00f3n de Alumnado con Necesidades Espec\u00edficas de Apoyo Educativo (NEAE)\u00bb.\u00a0"},"content":{"rendered":"\n<p>Incluir\u00e1 dos sesiones formativas telem\u00e1ticas. En la primera de ellas, se trabajar\u00e1 la descripci\u00f3n de la escala, aplicaci\u00f3n y correcci\u00f3n de la misma. En la segunda sesi\u00f3n, se continuar\u00e1 con la correcci\u00f3n y la utilidad de la misma en relaci\u00f3n a la identificaci\u00f3n del alumnado NEAE.    <\/p>\n\n\n\n<!--more-->\n\n\n\n<p>Ser\u00e1 impartido por\u00a0 <strong>Maribel Flores S\u00e1nchez<\/strong> (Orientadora del EOE Especializado en Altas Capacidades Intelectuales) y <strong>Gema M\u00aa Luna Pedrosa<\/strong> (Orientadora del EOE Especializado en Dificultades Espec\u00edficas de Aprendizaje). Previsto para el <strong>24 de marzo y 7 de abril de 17 a 19.30 horas.<\/strong><br>Dichas formaciones ser\u00e1n gratuitas para los miembros de AOSMA y de asociaciones pertenecientes a FAPOAN y con un coste de 25 \u20ac para quienes no lo est\u00e9n.<\/p>\n\n\n\n<p>Si est\u00e1s interesado o interesada en la formaci\u00f3n puedes inscribirte aqu\u00ed:<\/p>\n\n\n\n<p><a rel=\"noreferrer noopener\" href=\"https:\/\/docs.google.com\/forms\/u\/1\/d\/1G3gzi72u9AAM-Vx1B4RngvgEk2eYgR5r92ovroOJSL8\/edit\" target=\"_blank\">https:\/\/docs.google.com\/forms\/u\/1\/d\/1G3gzi72u9AAM-Vx1B4RngvgEk2eYgR5r92ovroOJSL8\/edit<\/a><\/p>\n","protected":false},"excerpt":{"rendered":"<p>Incluir\u00e1 dos sesiones formativas telem\u00e1ticas. En la primera de ellas, se trabajar\u00e1 la descripci\u00f3n de la escala, aplicaci\u00f3n y correcci\u00f3n de la misma. En la segunda sesi\u00f3n, se continuar\u00e1 con la correcci\u00f3n y la utilidad de la misma en relaci\u00f3n a la identificaci\u00f3n del alumnado NEAE.<\/p>\n","protected":false},"author":2,"featured_media":1796,"comment_status":"open","ping_status":"open","sticky":false,"template":"","format":"standard","meta":{"generate_page_header":"","footnotes":""},"categories":[4,8,14],"tags":[],"class_list":["post-1793","post","type-post","status-publish","format-standard","has-post-thumbnail","hentry","category-altas-capacidades","category-miscelanea","category-noticias","generate-columns","tablet-grid-50","mobile-grid-100","grid-parent","grid-50"],"_links":{"self":[{"href":"https:\/\/aosma.es\/wordpress\/wp-json\/wp\/v2\/posts\/1793","targetHints":{"allow":["GET"]}}],"collection":[{"href":"https:\/\/aosma.es\/wordpress\/wp-json\/wp\/v2\/posts"}],"about":[{"href":"https:\/\/aosma.es\/wordpress\/wp-json\/wp\/v2\/types\/post"}],"author":[{"embeddable":true,"href":"https:\/\/aosma.es\/wordpress\/wp-json\/wp\/v2\/users\/2"}],"replies":[{"embeddable":true,"href":"https:\/\/aosma.es\/wordpress\/wp-json\/wp\/v2\/comments?post=1793"}],"version-history":[{"count":8,"href":"https:\/\/aosma.es\/wordpress\/wp-json\/wp\/v2\/posts\/1793\/revisions"}],"predecessor-version":[{"id":1812,"href":"https:\/\/aosma.es\/wordpress\/wp-json\/wp\/v2\/posts\/1793\/revisions\/1812"}],"wp:featuredmedia":[{"embeddable":true,"href":"https:\/\/aosma.es\/wordpress\/wp-json\/wp\/v2\/media\/1796"}],"wp:attachment":[{"href":"https:\/\/aosma.es\/wordpress\/wp-json\/wp\/v2\/media?parent=1793"}],"wp:term":[{"taxonomy":"category","embeddable":true,"href":"https:\/\/aosma.es\/wordpress\/wp-json\/wp\/v2\/categories?post=1793"},{"taxonomy":"post_tag","embeddable":true,"href":"https:\/\/aosma.es\/wordpress\/wp-json\/wp\/v2\/tags?post=1793"}],"curies":[{"name":"wp","href":"https:\/\/api.w.org\/{rel}","templated":true}]}}