{"id":178,"date":"2018-04-26T18:37:38","date_gmt":"2018-04-26T18:37:38","guid":{"rendered":"http:\/\/aosma.es\/wordpress\/?p=178"},"modified":"2018-05-30T20:04:46","modified_gmt":"2018-05-30T20:04:46","slug":"jornada-de-preparacion-oposiciones-2018-especialidad-orientacion-un-bano-de-realidad","status":"publish","type":"post","link":"https:\/\/aosma.es\/wordpress\/2018\/04\/26\/jornada-de-preparacion-oposiciones-2018-especialidad-orientacion-un-bano-de-realidad\/","title":{"rendered":"Jornada de preparaci\u00f3n Oposiciones 2018. Especialidad Orientaci\u00f3n. \u00abUn ba\u00f1o de realidad\u00bb"},"content":{"rendered":"<table>\n<tbody>\n<tr>\n<td><img loading=\"lazy\" decoding=\"async\" class=\"aligncenter wp-image-259 size-medium\" src=\"http:\/\/aosma.es\/wordpress\/wp-content\/uploads\/2018\/04\/P_20180524_194523-300x169.jpg\" alt=\"\" width=\"300\" height=\"169\" srcset=\"https:\/\/aosma.es\/wordpress\/wp-content\/uploads\/2018\/04\/P_20180524_194523-300x169.jpg 300w, https:\/\/aosma.es\/wordpress\/wp-content\/uploads\/2018\/04\/P_20180524_194523-768x432.jpg 768w, https:\/\/aosma.es\/wordpress\/wp-content\/uploads\/2018\/04\/P_20180524_194523-1024x576.jpg 1024w\" sizes=\"auto, (max-width: 300px) 100vw, 300px\" \/><\/td>\n<td><img loading=\"lazy\" decoding=\"async\" class=\"aligncenter wp-image-262 size-medium\" src=\"http:\/\/aosma.es\/wordpress\/wp-content\/uploads\/2018\/04\/P_20180524_174438-300x169.jpg\" alt=\"\" width=\"300\" height=\"169\" srcset=\"https:\/\/aosma.es\/wordpress\/wp-content\/uploads\/2018\/04\/P_20180524_174438-300x169.jpg 300w, https:\/\/aosma.es\/wordpress\/wp-content\/uploads\/2018\/04\/P_20180524_174438-768x432.jpg 768w, https:\/\/aosma.es\/wordpress\/wp-content\/uploads\/2018\/04\/P_20180524_174438-1024x576.jpg 1024w\" sizes=\"auto, (max-width: 300px) 100vw, 300px\" \/><\/td>\n<\/tr>\n<\/tbody>\n<\/table>\n<p>El pasado\u00a0<strong>jueves 24 de mayo de 16:00 h a 20:00h<\/strong>\u00a0en el\u00a0<a href=\"http:\/\/www.institutomarenostrum.es\/\" target=\"_blank\" rel=\"noopener\">IES \u00abMare Nostrum\u00bb de M\u00e1laga<\/a>\u00a0\u00a0AOSMA ofreci\u00f3 una <strong>jornada de formaci\u00f3n para los\/las opositores\/as (Oposiciones 2018)<\/strong>, dando una visi\u00f3n de la realidad del trabajo de la Orientaci\u00f3n Educativa en el \u00abd\u00eda a d\u00eda\u00bb de los centros educativos, por eso la titulamos \u00abun ba\u00f1o de realidad\u00bb.\u00a0<!--more--><\/p>\n<p>Abren la jornada Tom\u00e1s Boyano y Felipe Rodr\u00edguez Cort\u00e9s, con una presentaci\u00f3n sobre AOSMA y su inter\u00e9s en realizar esta actividad formativa.\u00a0 \u00a0Jorge Jim\u00e9nez Salas\u00a0comparte claves para la preparaci\u00f3n de la legislaci\u00f3n m\u00e1s importante que se utiliza en Orientaci\u00f3n Educativa. \u00c1ngela Mu\u00f1oz\u00a0 (Departamento de Psicolog\u00eda Evolutiva y de la Educaci\u00f3n de la Facultad de Psicolog\u00eda de la Universidad de M\u00e1laga) da una visi\u00f3n de las t\u00e9cnicas de afrontamiento y autocontrol en pruebas con gran carga de estr\u00e9s como son los ex\u00e1menes de oposiciones. Trinidad P\u00e9rez y Rosa Olivares, orientadoras en\u00a0 equipos de Orientaci\u00f3n Educativa, nos dan una visi\u00f3n desde dentro del trabajo en los equipos y en los departamentos de orientaci\u00f3n.\u00a0 Fernando Navarro (Departamento de Orientaci\u00f3n IES \u00abPortada Alta\u00bb) cierra la tarde, con un repaso a algunos de los\u00a0 recursos en Red m\u00e1s \u00fatiles para la Orientaci\u00f3n Educativa.<\/p>\n<p>Con los opositores asistentes se han compartido los materiales m\u00e1s \u00fatiles para su preparaci\u00f3n.<\/p>\n<p>&nbsp;<\/p>\n<p>&nbsp;<\/p>\n","protected":false},"excerpt":{"rendered":"<p>El pasado\u00a0jueves 24 de mayo de 16:00 h a 20:00h\u00a0en el\u00a0IES \u00abMare Nostrum\u00bb de M\u00e1laga\u00a0\u00a0AOSMA ofreci\u00f3 una jornada de formaci\u00f3n para los\/las opositores\/as (Oposiciones 2018), dando una visi\u00f3n de la realidad del trabajo de la Orientaci\u00f3n Educativa en el \u00abd\u00eda a d\u00eda\u00bb de los centros educativos, por eso la titulamos \u00abun ba\u00f1o de realidad\u00bb.\u00a0<\/p>\n","protected":false},"author":2,"featured_media":0,"comment_status":"open","ping_status":"open","sticky":false,"template":"","format":"standard","meta":{"generate_page_header":"","footnotes":""},"categories":[8,14,1],"tags":[],"class_list":["post-178","post","type-post","status-publish","format-standard","hentry","category-miscelanea","category-noticias","category-orientacion-academico-profesional-areas-de-trabajo","generate-columns","tablet-grid-50","mobile-grid-100","grid-parent","grid-50"],"_links":{"self":[{"href":"https:\/\/aosma.es\/wordpress\/wp-json\/wp\/v2\/posts\/178","targetHints":{"allow":["GET"]}}],"collection":[{"href":"https:\/\/aosma.es\/wordpress\/wp-json\/wp\/v2\/posts"}],"about":[{"href":"https:\/\/aosma.es\/wordpress\/wp-json\/wp\/v2\/types\/post"}],"author":[{"embeddable":true,"href":"https:\/\/aosma.es\/wordpress\/wp-json\/wp\/v2\/users\/2"}],"replies":[{"embeddable":true,"href":"https:\/\/aosma.es\/wordpress\/wp-json\/wp\/v2\/comments?post=178"}],"version-history":[{"count":14,"href":"https:\/\/aosma.es\/wordpress\/wp-json\/wp\/v2\/posts\/178\/revisions"}],"predecessor-version":[{"id":263,"href":"https:\/\/aosma.es\/wordpress\/wp-json\/wp\/v2\/posts\/178\/revisions\/263"}],"wp:attachment":[{"href":"https:\/\/aosma.es\/wordpress\/wp-json\/wp\/v2\/media?parent=178"}],"wp:term":[{"taxonomy":"category","embeddable":true,"href":"https:\/\/aosma.es\/wordpress\/wp-json\/wp\/v2\/categories?post=178"},{"taxonomy":"post_tag","embeddable":true,"href":"https:\/\/aosma.es\/wordpress\/wp-json\/wp\/v2\/tags?post=178"}],"curies":[{"name":"wp","href":"https:\/\/api.w.org\/{rel}","templated":true}]}}