{"id":167,"date":"2018-04-19T18:21:05","date_gmt":"2018-04-19T18:21:05","guid":{"rendered":"http:\/\/aosma.es\/wordpress\/?p=167"},"modified":"2018-05-07T20:15:08","modified_gmt":"2018-05-07T20:15:08","slug":"discalculia-evaluacion-y-orientaciones-metodologicas","status":"publish","type":"post","link":"https:\/\/aosma.es\/wordpress\/2018\/04\/19\/discalculia-evaluacion-y-orientaciones-metodologicas\/","title":{"rendered":"DISCALCULIA. Evaluaci\u00f3n y orientaciones metodol\u00f3gicas"},"content":{"rendered":"<p><img loading=\"lazy\" decoding=\"async\" class=\"aligncenter size-medium wp-image-205\" src=\"http:\/\/aosma.es\/wordpress\/wp-content\/uploads\/2018\/04\/IMG-20180502-WA0003-300x225.jpg\" alt=\"\" width=\"300\" height=\"225\" srcset=\"https:\/\/aosma.es\/wordpress\/wp-content\/uploads\/2018\/04\/IMG-20180502-WA0003-300x225.jpg 300w, https:\/\/aosma.es\/wordpress\/wp-content\/uploads\/2018\/04\/IMG-20180502-WA0003-768x576.jpg 768w, https:\/\/aosma.es\/wordpress\/wp-content\/uploads\/2018\/04\/IMG-20180502-WA0003-1024x768.jpg 1024w, https:\/\/aosma.es\/wordpress\/wp-content\/uploads\/2018\/04\/IMG-20180502-WA0003.jpg 1600w\" sizes=\"auto, (max-width: 300px) 100vw, 300px\" \/><\/p>\n<p>El<strong> mi\u00e9rcoles 2 de mayo<\/strong>, se celebr\u00f3 un coloquio a cargo de<strong> Javier Garc\u00eda Orza<\/strong> del Departamento de Psicolog\u00eda B\u00e1sica de la Facultad de Psicolog\u00eda de la Universidad de M\u00e1laga sobre c\u00f3mo abordar la <strong>discalculia<\/strong>, c\u00f3mo evaluar y qu\u00e9 orientaciones metodol\u00f3gicas se pueden adoptar.<\/p>\n<p><!--more-->Se parte de una perspectiva de la discalculia basada en la neurociencia cognitiva. Javier plante\u00f3 qu\u00e9 se consideran habilidades num\u00e9ricas y cu\u00e1l es su car\u00e1cter competencial. En una segunda parte se analizan los instrumentos para la evaluaci\u00f3n de la discalculia y las dificultades en las matem\u00e1ticas, incluyendo evaluaciones complementarias: cognitiva, del entorno y psicoemocional. Y se termin\u00f3 describiendo las distintas posibilidades de intervenci\u00f3n en alumnos y alumnas con discalculia, cu\u00e1l es la naturaleza y caracter\u00edsticas del programa de intervenci\u00f3n a seguir, qu\u00e9 programas se pueden implantar para el aprendizaje de las matem\u00e1ticas y la intervenci\u00f3n en las dificultades, incluyendo programas inform\u00e1ticos.<\/p>\n<p>&nbsp;<\/p>\n","protected":false},"excerpt":{"rendered":"<p>El mi\u00e9rcoles 2 de mayo, se celebr\u00f3 un coloquio a cargo de Javier Garc\u00eda Orza del Departamento de Psicolog\u00eda B\u00e1sica de la Facultad de Psicolog\u00eda de la Universidad de M\u00e1laga sobre c\u00f3mo abordar la discalculia, c\u00f3mo evaluar y qu\u00e9 orientaciones metodol\u00f3gicas se pueden adoptar.<\/p>\n","protected":false},"author":2,"featured_media":0,"comment_status":"open","ping_status":"open","sticky":false,"template":"","format":"standard","meta":{"generate_page_header":"","footnotes":""},"categories":[18,22,14,1],"tags":[28],"class_list":["post-167","post","type-post","status-publish","format-standard","hentry","category-dificultades-de-aprendizaje","category-equipos-de-orientacion-educativa","category-noticias","category-orientacion-academico-profesional-areas-de-trabajo","tag-evaluacion","generate-columns","tablet-grid-50","mobile-grid-100","grid-parent","grid-50"],"_links":{"self":[{"href":"https:\/\/aosma.es\/wordpress\/wp-json\/wp\/v2\/posts\/167","targetHints":{"allow":["GET"]}}],"collection":[{"href":"https:\/\/aosma.es\/wordpress\/wp-json\/wp\/v2\/posts"}],"about":[{"href":"https:\/\/aosma.es\/wordpress\/wp-json\/wp\/v2\/types\/post"}],"author":[{"embeddable":true,"href":"https:\/\/aosma.es\/wordpress\/wp-json\/wp\/v2\/users\/2"}],"replies":[{"embeddable":true,"href":"https:\/\/aosma.es\/wordpress\/wp-json\/wp\/v2\/comments?post=167"}],"version-history":[{"count":10,"href":"https:\/\/aosma.es\/wordpress\/wp-json\/wp\/v2\/posts\/167\/revisions"}],"predecessor-version":[{"id":221,"href":"https:\/\/aosma.es\/wordpress\/wp-json\/wp\/v2\/posts\/167\/revisions\/221"}],"wp:attachment":[{"href":"https:\/\/aosma.es\/wordpress\/wp-json\/wp\/v2\/media?parent=167"}],"wp:term":[{"taxonomy":"category","embeddable":true,"href":"https:\/\/aosma.es\/wordpress\/wp-json\/wp\/v2\/categories?post=167"},{"taxonomy":"post_tag","embeddable":true,"href":"https:\/\/aosma.es\/wordpress\/wp-json\/wp\/v2\/tags?post=167"}],"curies":[{"name":"wp","href":"https:\/\/api.w.org\/{rel}","templated":true}]}}