{"id":1644,"date":"2021-03-24T21:03:34","date_gmt":"2021-03-24T21:03:34","guid":{"rendered":"https:\/\/aosma.es\/wordpress\/?p=1644"},"modified":"2021-03-25T09:09:06","modified_gmt":"2021-03-25T09:09:06","slug":"guia-de-orientacion-academica-y-profesional","status":"publish","type":"post","link":"https:\/\/aosma.es\/wordpress\/2021\/03\/24\/guia-de-orientacion-academica-y-profesional\/","title":{"rendered":"Gu\u00eda de Orientaci\u00f3n Acad\u00e9mica y Profesional"},"content":{"rendered":"\n<p>Gu\u00eda para la Orientaci\u00f3n acad\u00e9mica y profesional del alumnado en el curso 2021\/22<\/p>\n\n\n\n<p>Elaborado por las coordinadoras y coordinador del \u00e1rea de Orientaci\u00f3n vocacional y profesional de los Equipos T\u00e9cnicos Provinciales de Orientaci\u00f3n Educativa y Profesional de Andaluc\u00eda.<\/p>\n\n\n\n<!--more-->\n\n\n\n<div class=\"wp-block-file\"><a href=\"https:\/\/aosma.es\/wordpress\/wp-content\/uploads\/2021\/03\/GUIA_2021_V_4.pdf\">GUIA_2021_V_4<\/a><a href=\"https:\/\/aosma.es\/wordpress\/wp-content\/uploads\/2021\/03\/GUIA_2021_V_4.pdf\" class=\"wp-block-file__button\" download>Descarga<\/a><\/div>\n\n\n\n<p>Se trata de una herramienta muy valiosa que recopila toda la informaci\u00f3n que debemos manejar para un orientaci\u00f3n acad\u00e9mica y profesional de calidad. Desde AOSMA nos sentimos orgullosos de la participaci\u00f3n activa en este proyecto de nuestra compa\u00f1era <strong>Trinidad P\u00e9rez Pinto<\/strong> como coordinadora del \u00c1rea de Orientaci\u00f3n Vocacional y Profesional y nuestro querido <strong>Enrique Gallardo Fortes<\/strong>, desde el \u00c1rea de Apoyo a la Funci\u00f3n Tutorial y la Convivencia del Equipo T\u00e9cnico Provincial de M\u00e1laga. <\/p>\n","protected":false},"excerpt":{"rendered":"<p>Gu\u00eda para la Orientaci\u00f3n acad\u00e9mica y profesional del alumnado en el curso 2021\/22 Elaborado por las coordinadoras y coordinador del \u00e1rea de Orientaci\u00f3n vocacional y profesional de los Equipos T\u00e9cnicos Provinciales de Orientaci\u00f3n Educativa y Profesional de Andaluc\u00eda.<\/p>\n","protected":false},"author":2,"featured_media":1646,"comment_status":"open","ping_status":"open","sticky":false,"template":"","format":"standard","meta":{"generate_page_header":"","footnotes":""},"categories":[7,23,8,1],"tags":[],"class_list":["post-1644","post","type-post","status-publish","format-standard","has-post-thumbnail","hentry","category-accion-tutorial","category-departamentos-de-orientacion","category-miscelanea","category-orientacion-academico-profesional-areas-de-trabajo","generate-columns","tablet-grid-50","mobile-grid-100","grid-parent","grid-50"],"_links":{"self":[{"href":"https:\/\/aosma.es\/wordpress\/wp-json\/wp\/v2\/posts\/1644","targetHints":{"allow":["GET"]}}],"collection":[{"href":"https:\/\/aosma.es\/wordpress\/wp-json\/wp\/v2\/posts"}],"about":[{"href":"https:\/\/aosma.es\/wordpress\/wp-json\/wp\/v2\/types\/post"}],"author":[{"embeddable":true,"href":"https:\/\/aosma.es\/wordpress\/wp-json\/wp\/v2\/users\/2"}],"replies":[{"embeddable":true,"href":"https:\/\/aosma.es\/wordpress\/wp-json\/wp\/v2\/comments?post=1644"}],"version-history":[{"count":4,"href":"https:\/\/aosma.es\/wordpress\/wp-json\/wp\/v2\/posts\/1644\/revisions"}],"predecessor-version":[{"id":1652,"href":"https:\/\/aosma.es\/wordpress\/wp-json\/wp\/v2\/posts\/1644\/revisions\/1652"}],"wp:featuredmedia":[{"embeddable":true,"href":"https:\/\/aosma.es\/wordpress\/wp-json\/wp\/v2\/media\/1646"}],"wp:attachment":[{"href":"https:\/\/aosma.es\/wordpress\/wp-json\/wp\/v2\/media?parent=1644"}],"wp:term":[{"taxonomy":"category","embeddable":true,"href":"https:\/\/aosma.es\/wordpress\/wp-json\/wp\/v2\/categories?post=1644"},{"taxonomy":"post_tag","embeddable":true,"href":"https:\/\/aosma.es\/wordpress\/wp-json\/wp\/v2\/tags?post=1644"}],"curies":[{"name":"wp","href":"https:\/\/api.w.org\/{rel}","templated":true}]}}