{"id":1602,"date":"2021-02-11T19:20:46","date_gmt":"2021-02-11T19:20:46","guid":{"rendered":"https:\/\/aosma.es\/wordpress\/?p=1602"},"modified":"2021-03-02T21:09:46","modified_gmt":"2021-03-02T21:09:46","slug":"curso-online-wisc-v-escala-de-inteligencia-de-wechsler-v","status":"publish","type":"post","link":"https:\/\/aosma.es\/wordpress\/2021\/02\/11\/curso-online-wisc-v-escala-de-inteligencia-de-wechsler-v\/","title":{"rendered":"Taller online WISC &#8211; V Escala de inteligencia de Wechsler V"},"content":{"rendered":"\n<p class=\"has-text-color\" style=\"color:#160264\"><strong>4 y 11 marzo<\/strong> de 2021 <\/p>\n\n\n\n<p>Taller coordinado por <strong>M\u00aa Isabel Flores S\u00e1nchez<\/strong>, Orientadora del Equipo de Orientaci\u00f3n Especializado de Altas Capacidades y <strong>Gema Luna Pedrosa<\/strong>, Orientadora del Equipo de Orientaci\u00f3n Especializado de Dificultades Espec\u00edficas de Aprendizaje.&nbsp;<\/p>\n\n\n\n<!--more-->\n\n\n\n<p>Esta actividad grupal va dirigida a <strong>profesionales de la Orientaci\u00f3n<\/strong> que deseen conocer este instrumento de evaluaci\u00f3n. En la primera sesi\u00f3n se realizar\u00e1 una aproximaci\u00f3n a esta escala de inteligencia partiendo de un nivel b\u00e1sico; en la segunda sesi\u00f3n se abordar\u00e1 su aplicaci\u00f3n pr\u00e1ctica dentro del proceso de evaluaci\u00f3n psicopedag\u00f3gica del alumnado con NEAE. Puedes apuntarte a una o las dos sesiones. <\/p>\n\n\n\n<p>Los contenidos ser\u00e1n los siguientes:<\/p>\n\n\n\n<p>1\u00aa SESI\u00d3N: Introducci\u00f3n al WISC-V&nbsp;<\/p>\n\n\n\n<p>APLICACI\u00d3N Y CORRECCI\u00d3N<\/p>\n\n\n\n<ul class=\"wp-block-list\"><li>Contenido y estructura de la WISC-V.<\/li><li>WISC-IV\/WISC-V.<\/li><li>Descripci\u00f3n de las pruebas.<\/li><li>Puntuaciones compuestas.<\/li><li>Normas generales y espec\u00edficas de aplicaci\u00f3n: Orden de aplicaci\u00f3n, selecci\u00f3n de pruebas, sustituciones, puntos de comienzo, reglas de retorno, reglas de terminaci\u00f3n, etc.<\/li><li>Criterios generales de puntuaci\u00f3n.<\/li><\/ul>\n\n\n\n<p>2\u00aa SESI\u00d3N: Profundizaci\u00f3n al WISC-V&nbsp;<\/p>\n\n\n\n<p>AN\u00c1LISIS E INTERPRETACI\u00d3N DE RESULTADOS de las NEAE m\u00e1s frecuentes:<\/p>\n\n\n\n<ul class=\"wp-block-list\"><li>Altas capacidades intelectuales.<\/li><li>Discapacidad intelectual.<\/li><li>Capacidad intelectual l\u00edmite (CIL)<\/li><li>Trastorno espec\u00edfico del aprendizaje (Dificultades Espec\u00edficas de Aprendizaje).<\/li><li>Trastorno del Desarrollo del Lenguaje (TDL)\/Trastorno Espec\u00edfico del Lenguaje (TEL)<\/li><li>Trastorno por D\u00e9ficit de Atenci\u00f3n con Hiperactividad (TDAH).<\/li><li>Trastorno de conducta.<\/li><li>Trastorno del Espectro Autista (TEA).<\/li><\/ul>\n\n\n\n<p>Ambas sesiones <strong>comenzar\u00e1n a las 17 horas y finalizar\u00e1n a las 19:30 horas<\/strong>. Se enviar\u00e1 el enlace.<\/p>\n\n\n\n<p>Por favor, considera los siguientes&nbsp;<strong>requisitos<\/strong>:<\/p>\n\n\n\n<p>La conexi\u00f3n requiere la instalaci\u00f3n previa de la aplicaci\u00f3n\u00a0<a rel=\"noreferrer noopener\" href=\"https:\/\/teams.microsoft.com\/dl\/launcher\/launcher.html?url=%2F_%23%2Fl%2Fmeetup-join%2F19%3A57efd495814d44c3a7da5feef7e73c6f%40thread.tacv2%2F1614635028568%3Fcontext%3D%257b%2522Tid%2522%253a%2522b5587048-a070-43ad-b654-20a31e9b2d99%2522%252c%2522Oid%2522%253a%2522af0d28a1-5ba0-4e5b-8b00-6f89c285e5af%2522%257d%26anon%3Dtrue&amp;type=meetup-join&amp;deeplinkId=c0cfad65-8811-40be-bb98-6e55efadb0e3&amp;directDl=true&amp;msLaunch=true&amp;enableMobilePage=true&amp;suppressPrompt=true\" target=\"_blank\">Microsoft Teams<\/a>. Te recomendamos hacerla con antelaci\u00f3n para agilizar la entrada.<\/p>\n\n\n\n<p>Procura unirte a la reuni\u00f3n\/curso unos cinco minutos antes de la hora de inicio. La entrada masiva de asistentes puede dar problemas t\u00e9cnicos. Procuraremos ser lo m\u00e1s puntuales posibles.<\/p>\n\n\n\n<p>Cuando te unas a la reuni\u00f3n, especifica tu nombre y dos apellidos y recuerda apagar el audio.<\/p>\n\n\n\n<p>La semana siguiente se mandar\u00e1 un par de d\u00edas antes el enlace de la segunda sesi\u00f3n.<\/p>\n","protected":false},"excerpt":{"rendered":"<p>4 y 11 marzo de 2021 Taller coordinado por M\u00aa Isabel Flores S\u00e1nchez, Orientadora del Equipo de Orientaci\u00f3n Especializado de Altas Capacidades y Gema Luna Pedrosa, Orientadora del Equipo de Orientaci\u00f3n Especializado de Dificultades Espec\u00edficas de Aprendizaje.&nbsp;<\/p>\n","protected":false},"author":2,"featured_media":1606,"comment_status":"open","ping_status":"open","sticky":false,"template":"","format":"standard","meta":{"generate_page_header":"","footnotes":""},"categories":[9,23,22,8,14,1],"tags":[],"class_list":["post-1602","post","type-post","status-publish","format-standard","has-post-thumbnail","hentry","category-areas-de-trabajo","category-departamentos-de-orientacion","category-equipos-de-orientacion-educativa","category-miscelanea","category-noticias","category-orientacion-academico-profesional-areas-de-trabajo","generate-columns","tablet-grid-50","mobile-grid-100","grid-parent","grid-50"],"_links":{"self":[{"href":"https:\/\/aosma.es\/wordpress\/wp-json\/wp\/v2\/posts\/1602","targetHints":{"allow":["GET"]}}],"collection":[{"href":"https:\/\/aosma.es\/wordpress\/wp-json\/wp\/v2\/posts"}],"about":[{"href":"https:\/\/aosma.es\/wordpress\/wp-json\/wp\/v2\/types\/post"}],"author":[{"embeddable":true,"href":"https:\/\/aosma.es\/wordpress\/wp-json\/wp\/v2\/users\/2"}],"replies":[{"embeddable":true,"href":"https:\/\/aosma.es\/wordpress\/wp-json\/wp\/v2\/comments?post=1602"}],"version-history":[{"count":9,"href":"https:\/\/aosma.es\/wordpress\/wp-json\/wp\/v2\/posts\/1602\/revisions"}],"predecessor-version":[{"id":1631,"href":"https:\/\/aosma.es\/wordpress\/wp-json\/wp\/v2\/posts\/1602\/revisions\/1631"}],"wp:featuredmedia":[{"embeddable":true,"href":"https:\/\/aosma.es\/wordpress\/wp-json\/wp\/v2\/media\/1606"}],"wp:attachment":[{"href":"https:\/\/aosma.es\/wordpress\/wp-json\/wp\/v2\/media?parent=1602"}],"wp:term":[{"taxonomy":"category","embeddable":true,"href":"https:\/\/aosma.es\/wordpress\/wp-json\/wp\/v2\/categories?post=1602"},{"taxonomy":"post_tag","embeddable":true,"href":"https:\/\/aosma.es\/wordpress\/wp-json\/wp\/v2\/tags?post=1602"}],"curies":[{"name":"wp","href":"https:\/\/api.w.org\/{rel}","templated":true}]}}