{"id":1448,"date":"2020-04-05T08:20:10","date_gmt":"2020-04-05T08:20:10","guid":{"rendered":"http:\/\/aosma.es\/wordpress\/?p=1448"},"modified":"2020-04-05T08:27:32","modified_gmt":"2020-04-05T08:27:32","slug":"juntos-por-la-orientacion-yomeorientoencasa","status":"publish","type":"post","link":"https:\/\/aosma.es\/wordpress\/2020\/04\/05\/juntos-por-la-orientacion-yomeorientoencasa\/","title":{"rendered":"Juntos por la Orientaci\u00f3n #YoMeOrientoEnCasa"},"content":{"rendered":"\n<p class=\"has-text-align-justify\">Desde el comienzo de la crisis provocada por el COVID-19 y el confinamiento que nos obliga a permanecer en casa, todos los sectores de la Educaci\u00f3n generan y mantienen un debate sobre c\u00f3mo abordar la propia situaci\u00f3n y c\u00f3mo seguir llevando a cabo la tarea educativa en este segundo y tercer trimestre.<\/p>\n\n\n\n<!--more-->\n\n\n\n<p class=\"has-text-align-justify\">En ese debate la Orientaci\u00f3n Educativa tiene mucho que aportar y desde el <a rel=\"noreferrer noopener\" href=\"https:\/\/colectivorienta.wordpress.com\/\" target=\"_blank\">Colectivo Orienta<\/a>, a trav\u00e9s de la revista de nuestros compa\u00f1eros y compa\u00f1eras de <a href=\"https:\/\/drive.google.com\/file\/d\/1UHR_SwKsr-XSJB_m3e5F0HiEP3ySqdtg\/view?usp=sharing\" target=\"_blank\" rel=\"noreferrer noopener\">Castilla La Mancha APOCLAM<\/a>, se han recogido reflexiones de muchos de nuestros compa\u00f1eros y compa\u00f1eras. Han sido tan numerosas e interesantes las aportaciones que nuestra asociaci\u00f3n prepara un segundo ejemplar extraordinario en nuestra revista, pero mientras tanto, queremos compartir tambi\u00e9n la revista de APOCLAM que la puedes descargar aqu\u00ed. <\/p>\n\n\n\n<div class=\"wp-block-file\"><a href=\"http:\/\/aosma.es\/wordpress\/wp-content\/uploads\/2020\/04\/Boletin-APOCLAM_Especial-marzo2020.pdf\">Boletin-APOCLAM_Especial-marzo2020<\/a><a href=\"http:\/\/aosma.es\/wordpress\/wp-content\/uploads\/2020\/04\/Boletin-APOCLAM_Especial-marzo2020.pdf\" class=\"wp-block-file__button\" download>Descarga<\/a><\/div>\n\n\n\n<p><\/p>\n","protected":false},"excerpt":{"rendered":"<p>Desde el comienzo de la crisis provocada por el COVID-19 y el confinamiento que nos obliga a permanecer en casa, todos los sectores de la Educaci\u00f3n generan y mantienen un debate sobre c\u00f3mo abordar la propia situaci\u00f3n y c\u00f3mo seguir llevando a cabo la tarea educativa en este segundo y tercer trimestre.<\/p>\n","protected":false},"author":2,"featured_media":1450,"comment_status":"open","ping_status":"open","sticky":false,"template":"","format":"standard","meta":{"generate_page_header":"","footnotes":""},"categories":[7,8,14],"tags":[],"class_list":["post-1448","post","type-post","status-publish","format-standard","has-post-thumbnail","hentry","category-accion-tutorial","category-miscelanea","category-noticias","generate-columns","tablet-grid-50","mobile-grid-100","grid-parent","grid-50"],"_links":{"self":[{"href":"https:\/\/aosma.es\/wordpress\/wp-json\/wp\/v2\/posts\/1448","targetHints":{"allow":["GET"]}}],"collection":[{"href":"https:\/\/aosma.es\/wordpress\/wp-json\/wp\/v2\/posts"}],"about":[{"href":"https:\/\/aosma.es\/wordpress\/wp-json\/wp\/v2\/types\/post"}],"author":[{"embeddable":true,"href":"https:\/\/aosma.es\/wordpress\/wp-json\/wp\/v2\/users\/2"}],"replies":[{"embeddable":true,"href":"https:\/\/aosma.es\/wordpress\/wp-json\/wp\/v2\/comments?post=1448"}],"version-history":[{"count":5,"href":"https:\/\/aosma.es\/wordpress\/wp-json\/wp\/v2\/posts\/1448\/revisions"}],"predecessor-version":[{"id":1455,"href":"https:\/\/aosma.es\/wordpress\/wp-json\/wp\/v2\/posts\/1448\/revisions\/1455"}],"wp:featuredmedia":[{"embeddable":true,"href":"https:\/\/aosma.es\/wordpress\/wp-json\/wp\/v2\/media\/1450"}],"wp:attachment":[{"href":"https:\/\/aosma.es\/wordpress\/wp-json\/wp\/v2\/media?parent=1448"}],"wp:term":[{"taxonomy":"category","embeddable":true,"href":"https:\/\/aosma.es\/wordpress\/wp-json\/wp\/v2\/categories?post=1448"},{"taxonomy":"post_tag","embeddable":true,"href":"https:\/\/aosma.es\/wordpress\/wp-json\/wp\/v2\/tags?post=1448"}],"curies":[{"name":"wp","href":"https:\/\/api.w.org\/{rel}","templated":true}]}}