{"id":1440,"date":"2020-03-20T12:30:52","date_gmt":"2020-03-20T12:30:52","guid":{"rendered":"http:\/\/aosma.es\/wordpress\/?p=1440"},"modified":"2020-04-11T16:32:34","modified_gmt":"2020-04-11T16:32:34","slug":"mas-orientacion-que-nunca-yomequedoencasa","status":"publish","type":"post","link":"https:\/\/aosma.es\/wordpress\/2020\/03\/20\/mas-orientacion-que-nunca-yomequedoencasa\/","title":{"rendered":"\u00a1M\u00e1s ORIENTACI\u00d3N que nunca! Hoy puede ser un gran d\u00eda."},"content":{"rendered":"\n<p class=\"has-text-align-justify\">Nuestra compa\u00f1era Patricia L\u00f3pez ha querido transmitir optimismo a todo nuestro colectivo y ha creado este v\u00eddeo.  \u00a1Muchas gracias!<\/p>\n\n\n\n<figure class=\"wp-block-embed-youtube wp-block-embed is-type-video is-provider-youtube wp-embed-aspect-16-9 wp-has-aspect-ratio\"><div class=\"wp-block-embed__wrapper\">\n<iframe loading=\"lazy\" title=\"AOSMA COVID 19 200411 2\" width=\"1200\" height=\"675\" src=\"https:\/\/www.youtube.com\/embed\/hgr6U6OyT8c?feature=oembed\" frameborder=\"0\" allow=\"accelerometer; autoplay; clipboard-write; encrypted-media; gyroscope; picture-in-picture\" allowfullscreen><\/iframe>\n<\/div><\/figure>\n\n\n\n<!--more-->\n\n\n\n<p><\/p>\n\n\n\n<p>Orientar nunca es sencillo, pero SIEMPRE es necesario,  AHORA es m\u00e1s dif\u00edcil que nunca y m\u00e1s necesario. #orgulloORIENTACI\u00d3N.<\/p>\n\n\n\n<p class=\"has-text-align-justify\">Nuestra asociaci\u00f3n, como toda la sociedad, est\u00e1 viendo alterado tanto su funcionamiento interno como su programa de actividades y propuestas. Comenzamos el curso con intensidad, organizando el encuentro a nivel nacional de representantes de todas las asociaciones de orientadores y orientadoras que dimos en llamar Jornadas de Reflexi\u00f3n sobre Orientaci\u00f3n Educativa; en ese mismo encuentro presentamos el n\u00famero 27 de nuestra revista. <\/p>\n\n\n\n<p class=\"has-text-align-justify\">De forma paralela, como asociaci\u00f3n profesional que somos, nuestra faceta reivindicativa nos ha llevado a desarrollar actuaciones de protesta, exigiendo una coordinaci\u00f3n con la Universidad de M\u00e1laga, con la facultad de Ciencias de la Educaci\u00f3n, para consensuar qu\u00e9 perfil profesional deben conseguir los estudiantes del m\u00e1ster que posibilita acceder a las plazas de orientadoras y orientadores en el sistema educativo. <\/p>\n\n\n\n<p class=\"has-text-align-justify\">En cuanto a actividades formativas, en febrero organizamos una jornada sobre Dislexia que ha sido todo un \u00e9xito&#8230;adem\u00e1s ha supuesto la incorporaci\u00f3n de numerosos asociadas y asociados, lo que viene a dar respuesta a una de nuestras necesidades m\u00e1s apremiantes: renovar la base social de AOSMA. <\/p>\n\n\n\n<p class=\"has-text-align-justify\">Comenzaba marzo y la junta directiva planificaba la asamblea anual, donde pretend\u00edamos proponer nuevos miembros en nuestra junta directiva, dar entrada a gente muy implicada en cada una de las actividades que venimos desarrollando. Tambi\u00e9n quer\u00edamos presentar el plan de actividades hasta final de curso (curso para opositores y jornadas de educaci\u00f3n emocional en EADE)&#8230;. cuando en los medios de comunicaci\u00f3n hab\u00eda una sola noticia que cobraba cada d\u00eda m\u00e1s importancia: emergencia sanitaria por COVID-19. Y sin darnos cuenta: estamos todos confinados en casa, en  medio de una crisis de salud, social y econ\u00f3mica sin precedentes. <\/p>\n\n\n\n<p class=\"has-text-align-justify\">Es en estos momentos de turbaci\u00f3n, de temor, de miedos cuando m\u00e1s necesaria es la ORIENTACI\u00d3N: para los chicos y chicas, las familias, los compa\u00f1eros y compa\u00f1eras docentes, para nosotros mismos. <\/p>\n\n\n\n<p class=\"has-text-align-justify\">Nos emocionamos al comprobar la actividad que estamos desarrollando con ayuda de las redes sociales para hacer llegar a todos ellos y ellas un gu\u00eda, una orientaci\u00f3n, propuestas, ideas, consejos, palabras de apoyo y ayuda. <\/p>\n\n\n\n<p class=\"has-text-align-justify\">Todo esto pasar\u00e1. Como sociedad y como colectivo saldremos cambiados y fortalecidos, pero de igual forma&#8230;. la ORIENTACI\u00d3N seguir\u00e1 siendo necesaria!  <\/p>\n\n\n\n<p><\/p>\n","protected":false},"excerpt":{"rendered":"<p>Nuestra compa\u00f1era Patricia L\u00f3pez ha querido transmitir optimismo a todo nuestro colectivo y ha creado este v\u00eddeo. \u00a1Muchas gracias!<\/p>\n","protected":false},"author":2,"featured_media":0,"comment_status":"open","ping_status":"open","sticky":false,"template":"","format":"standard","meta":{"generate_page_header":"","footnotes":""},"categories":[1],"tags":[],"class_list":["post-1440","post","type-post","status-publish","format-standard","hentry","category-orientacion-academico-profesional-areas-de-trabajo","generate-columns","tablet-grid-50","mobile-grid-100","grid-parent","grid-50"],"_links":{"self":[{"href":"https:\/\/aosma.es\/wordpress\/wp-json\/wp\/v2\/posts\/1440","targetHints":{"allow":["GET"]}}],"collection":[{"href":"https:\/\/aosma.es\/wordpress\/wp-json\/wp\/v2\/posts"}],"about":[{"href":"https:\/\/aosma.es\/wordpress\/wp-json\/wp\/v2\/types\/post"}],"author":[{"embeddable":true,"href":"https:\/\/aosma.es\/wordpress\/wp-json\/wp\/v2\/users\/2"}],"replies":[{"embeddable":true,"href":"https:\/\/aosma.es\/wordpress\/wp-json\/wp\/v2\/comments?post=1440"}],"version-history":[{"count":8,"href":"https:\/\/aosma.es\/wordpress\/wp-json\/wp\/v2\/posts\/1440\/revisions"}],"predecessor-version":[{"id":1460,"href":"https:\/\/aosma.es\/wordpress\/wp-json\/wp\/v2\/posts\/1440\/revisions\/1460"}],"wp:attachment":[{"href":"https:\/\/aosma.es\/wordpress\/wp-json\/wp\/v2\/media?parent=1440"}],"wp:term":[{"taxonomy":"category","embeddable":true,"href":"https:\/\/aosma.es\/wordpress\/wp-json\/wp\/v2\/categories?post=1440"},{"taxonomy":"post_tag","embeddable":true,"href":"https:\/\/aosma.es\/wordpress\/wp-json\/wp\/v2\/tags?post=1440"}],"curies":[{"name":"wp","href":"https:\/\/api.w.org\/{rel}","templated":true}]}}