{"id":134,"date":"2018-03-16T19:32:05","date_gmt":"2018-03-16T19:32:05","guid":{"rendered":"http:\/\/aosma.es\/wordpress\/?p=134"},"modified":"2018-05-07T20:23:22","modified_gmt":"2018-05-07T20:23:22","slug":"6th-international-congress-of-educational-sciences-and-development","status":"publish","type":"post","link":"https:\/\/aosma.es\/wordpress\/2018\/03\/16\/6th-international-congress-of-educational-sciences-and-development\/","title":{"rendered":"6th INTERNATIONAL CONGRESS of EDUCATIONAL SCIENCES and DEVELOPMENT"},"content":{"rendered":"<p><img loading=\"lazy\" decoding=\"async\" class=\"size-full wp-image-135 aligncenter\" src=\"http:\/\/aosma.es\/wordpress\/wp-content\/uploads\/2018\/03\/LOGO-EDUCACIO\u0301N-2018.jpg\" alt=\"\" width=\"567\" height=\"275\" srcset=\"https:\/\/aosma.es\/wordpress\/wp-content\/uploads\/2018\/03\/LOGO-EDUCACIO\u0301N-2018.jpg 567w, https:\/\/aosma.es\/wordpress\/wp-content\/uploads\/2018\/03\/LOGO-EDUCACIO\u0301N-2018-300x146.jpg 300w\" sizes=\"auto, (max-width: 567px) 100vw, 567px\" \/><!--more--><\/p>\n<p>Le informamos que el\u00a0<strong>6th INTERNATIONAL CONGRESS of EDUCATIONAL SCIENCES and DEVELOPMENT<\/strong> se celebrar\u00e1 en <strong>SET\u00daBAL (PORTUGAL)<\/strong> del <strong>21<\/strong> al <strong>23<\/strong> JUNIO, 2018.<\/p>\n<p>Precios reducidos para miembros de esta entidad colaboradora<\/p>\n<p>Avance del\u00a0<strong>PROGRAMA CIENT\u00cdFICO:<\/strong><br \/>\n<a href=\"http:\/\/congresoeducacion.es\/edu_web6\/programacientifico.html\" target=\"_blank\" rel=\"noopener\">http:\/\/congresoeducacion.es\/edu_web6\/programacientifico.html<\/a><\/p>\n<p><strong>PRESENTACI\u00d3N DE TRABAJOS:<\/strong> Se podr\u00e1n enviar propuestas para presentaci\u00f3n de SIMPOSIOS, COMUNICACIONES ESCRITAS (P\u00d3STER) y COMUNICACIONES ORALES.<\/p>\n<p><strong>IMPORTANTE:<\/strong> Fecha l\u00edmite de presentaci\u00f3n de trabajos: <strong>15 de abril de 2018<\/strong><br \/>\n<a href=\"http:\/\/congresoeducacion.es\/edu_web6\/presentaciontrabajos.html\" target=\"_blank\" rel=\"noopener\">http:\/\/congresoeducacion.es\/edu_web6\/presentaciontrabajos.html<\/a><\/p>\n<p>El n\u00famero de plazas es limitado.<br \/>\n<strong>INSCRIPCI\u00d3N:<\/strong><br \/>\n<a href=\"http:\/\/congresoeducacion.es\/edu_web6\/inscripcion.html\" target=\"_blank\" rel=\"noopener\">http:\/\/congresoeducacion.es\/edu_web6\/inscripcion.html<\/a><\/p>\n<p><strong>SEDE DEL CONGRESO:\u00a0ESCOLA de HOTELERIA e TURISMO de SET\u00daBAL<\/strong><br \/>\n<a href=\"http:\/\/congresoeducacion.es\/edu_web6\/sede.html\" target=\"_blank\" rel=\"noopener\">http:\/\/congresoeducacion.es\/edu_web6\/sede.html<\/a><\/p>\n<p>Existe un <strong>acuerdo<\/strong> con la<strong> compa\u00f1\u00eda IBERIA<\/strong> de aviaci\u00f3n para realizar un descuento del <strong>10% a asistentes<\/strong> al Congreso y acompa\u00f1antes: <a href=\"http:\/\/congresoeducacion.es\/edu_web6\/Iberia.html\" target=\"_blank\" rel=\"noopener\">http:\/\/congresoeducacion.es\/edu_web6\/Iberia.html<\/a><\/p>\n<p>S\u00edguenos:<br \/>\nFacebook: <a href=\"https:\/\/www.facebook.com\/InternationalCongressofEducationalSciences\/\" target=\"_blank\" rel=\"noopener\">https:\/\/www.facebook.com\/InternationalCongressofEducationalSciences\/<\/a><\/p>\n","protected":false},"excerpt":{"rendered":"","protected":false},"author":1,"featured_media":0,"comment_status":"open","ping_status":"open","sticky":false,"template":"","format":"standard","meta":{"generate_page_header":"","footnotes":""},"categories":[9,8,14],"tags":[],"class_list":["post-134","post","type-post","status-publish","format-standard","hentry","category-areas-de-trabajo","category-miscelanea","category-noticias","generate-columns","tablet-grid-50","mobile-grid-100","grid-parent","grid-50"],"_links":{"self":[{"href":"https:\/\/aosma.es\/wordpress\/wp-json\/wp\/v2\/posts\/134","targetHints":{"allow":["GET"]}}],"collection":[{"href":"https:\/\/aosma.es\/wordpress\/wp-json\/wp\/v2\/posts"}],"about":[{"href":"https:\/\/aosma.es\/wordpress\/wp-json\/wp\/v2\/types\/post"}],"author":[{"embeddable":true,"href":"https:\/\/aosma.es\/wordpress\/wp-json\/wp\/v2\/users\/1"}],"replies":[{"embeddable":true,"href":"https:\/\/aosma.es\/wordpress\/wp-json\/wp\/v2\/comments?post=134"}],"version-history":[{"count":6,"href":"https:\/\/aosma.es\/wordpress\/wp-json\/wp\/v2\/posts\/134\/revisions"}],"predecessor-version":[{"id":215,"href":"https:\/\/aosma.es\/wordpress\/wp-json\/wp\/v2\/posts\/134\/revisions\/215"}],"wp:attachment":[{"href":"https:\/\/aosma.es\/wordpress\/wp-json\/wp\/v2\/media?parent=134"}],"wp:term":[{"taxonomy":"category","embeddable":true,"href":"https:\/\/aosma.es\/wordpress\/wp-json\/wp\/v2\/categories?post=134"},{"taxonomy":"post_tag","embeddable":true,"href":"https:\/\/aosma.es\/wordpress\/wp-json\/wp\/v2\/tags?post=134"}],"curies":[{"name":"wp","href":"https:\/\/api.w.org\/{rel}","templated":true}]}}