{"id":1091,"date":"2019-07-03T08:16:17","date_gmt":"2019-07-03T08:16:17","guid":{"rendered":"http:\/\/aosma.es\/wordpress\/?p=1091"},"modified":"2019-07-09T18:42:02","modified_gmt":"2019-07-09T18:42:02","slug":"comida-fin-de-curso-martes-2-de-julio-centro-de-arte-contemporaneo-restaurante-oleo","status":"publish","type":"post","link":"https:\/\/aosma.es\/wordpress\/2019\/07\/03\/comida-fin-de-curso-martes-2-de-julio-centro-de-arte-contemporaneo-restaurante-oleo\/","title":{"rendered":"Comida fin de curso. Centro de Arte Contempor\u00e1neo de M\u00e1laga"},"content":{"rendered":"\n<p style=\"text-align:justify\">Para cerrar este curso 2018\/19 el pasado <strong>martes 2 de julio<\/strong>, tuvimos una jornada cultural en el <a rel=\"noreferrer noopener\" aria-label=\"Centro de Arte Contempor\u00e1neo (opens in a new tab)\" href=\"http:\/\/cacmalaga.eu\/\" target=\"_blank\">Centro de Arte Contempor\u00e1neo<\/a>. Adem\u00e1s de una comida en su magn\u00edfico restaurante. Aprovechamos los postres y la sobremesa para hacer entrega de las \u00abBiznagas\u00bb a las compa\u00f1eras que este a\u00f1o se han jubilado.<\/p>\n\n\n\n<!--more-->\n\n\n\n<p style=\"text-align:justify\">Es dif\u00edcil en el apretado calendario final de curso, cargado de comidas y celebraciones de despedida en nuestros centros educativos, encontrar una fecha en la que poder reunirnos relajados para charlar, comer, beber, homenajear a compa\u00f1eros y compa\u00f1eras que finalizan su andadura profesional y hacer alguna actividad cultural y de las muchas que nos ofrece M\u00e1laga.<\/p>\n\n\n\n<p style=\"text-align:justify\">Este curso, decidimos programar este encuentro en torno al Centro de Arte Contempor\u00e1neo. Quedamos para la comida en su restaurante \u00ab\u00d3leo\u00bb con una propuesta de men\u00fa que aunaba la tradici\u00f3n culinaria occidental con la de Jap\u00f3n. El local est\u00e1 dentro del propio museo y la luz del mediterr\u00e1neo inundaba el comedor.<\/p>\n\n\n\n<p style=\"text-align:center\"><img loading=\"lazy\" decoding=\"async\" width=\"250\" height=\"141\" class=\"wp-image-1113\" style=\"width: 250px;\" src=\"http:\/\/aosma.es\/wordpress\/wp-content\/uploads\/2019\/06\/mesa1.jpg\" alt=\"\" srcset=\"https:\/\/aosma.es\/wordpress\/wp-content\/uploads\/2019\/06\/mesa1.jpg 1600w, https:\/\/aosma.es\/wordpress\/wp-content\/uploads\/2019\/06\/mesa1-300x169.jpg 300w, https:\/\/aosma.es\/wordpress\/wp-content\/uploads\/2019\/06\/mesa1-768x432.jpg 768w, https:\/\/aosma.es\/wordpress\/wp-content\/uploads\/2019\/06\/mesa1-1024x576.jpg 1024w\" sizes=\"auto, (max-width: 250px) 100vw, 250px\" \/><img loading=\"lazy\" decoding=\"async\" width=\"250\" height=\"188\" class=\"wp-image-1112\" style=\"width: 250px;\" src=\"http:\/\/aosma.es\/wordpress\/wp-content\/uploads\/2019\/06\/mesa2b.jpg\" alt=\"\" srcset=\"https:\/\/aosma.es\/wordpress\/wp-content\/uploads\/2019\/06\/mesa2b.jpg 1600w, https:\/\/aosma.es\/wordpress\/wp-content\/uploads\/2019\/06\/mesa2b-300x225.jpg 300w, https:\/\/aosma.es\/wordpress\/wp-content\/uploads\/2019\/06\/mesa2b-768x576.jpg 768w, https:\/\/aosma.es\/wordpress\/wp-content\/uploads\/2019\/06\/mesa2b-1024x768.jpg 1024w\" sizes=\"auto, (max-width: 250px) 100vw, 250px\" \/><img loading=\"lazy\" decoding=\"async\" width=\"250\" height=\"188\" class=\"wp-image-1114\" style=\"width: 250px;\" src=\"http:\/\/aosma.es\/wordpress\/wp-content\/uploads\/2019\/06\/mesa2.jpg\" alt=\"\" srcset=\"https:\/\/aosma.es\/wordpress\/wp-content\/uploads\/2019\/06\/mesa2.jpg 1600w, https:\/\/aosma.es\/wordpress\/wp-content\/uploads\/2019\/06\/mesa2-300x225.jpg 300w, https:\/\/aosma.es\/wordpress\/wp-content\/uploads\/2019\/06\/mesa2-768x576.jpg 768w, https:\/\/aosma.es\/wordpress\/wp-content\/uploads\/2019\/06\/mesa2-1024x768.jpg 1024w\" sizes=\"auto, (max-width: 250px) 100vw, 250px\" \/><img loading=\"lazy\" decoding=\"async\" width=\"250\" height=\"188\" class=\"wp-image-1116\" style=\"width: 250px;\" src=\"http:\/\/aosma.es\/wordpress\/wp-content\/uploads\/2019\/06\/mesa13.jpg\" alt=\"\" srcset=\"https:\/\/aosma.es\/wordpress\/wp-content\/uploads\/2019\/06\/mesa13.jpg 1600w, https:\/\/aosma.es\/wordpress\/wp-content\/uploads\/2019\/06\/mesa13-300x225.jpg 300w, https:\/\/aosma.es\/wordpress\/wp-content\/uploads\/2019\/06\/mesa13-768x576.jpg 768w, https:\/\/aosma.es\/wordpress\/wp-content\/uploads\/2019\/06\/mesa13-1024x768.jpg 1024w\" sizes=\"auto, (max-width: 250px) 100vw, 250px\" \/><\/p>\n\n\n\n<p style=\"text-align:justify\">Como viene siendo tradicional, en los postres hicimos un sencillo acto de entrega de nuestras \u00abBiznagas\u00bb a las compa\u00f1eras que, tras una larga carrera en la Orientaci\u00f3n Educativa este curso se han jubilado; en esta ocasi\u00f3n se les hac\u00eda entrega a: <strong>Mar\u00eda Jos\u00e9 Garc\u00eda Rom\u00e1n, Ana Mar\u00eda Garc\u00eda Pulido, Eva Mar\u00eda  Hurtado de Mendoza y Amelia Herrera Abril.<\/strong> Nuestra vicepresidente y jefa de protocolo, <strong>Lola Garc\u00eda Rom\u00e1n<\/strong>, hizo la presentaci\u00f3n y semblanza de las homenajeadas, leyendo un texto que cualquier orientador u orientadora quisiera que fueran las palabras que le acompa\u00f1aran cuando llegue el momento de dejar esta m\u00e1gica labor. Ana Cobos Cedillo, como presidenta de COPOE y durante mucho tiempo presidenta de AOSMA, tambi\u00e9n les dedic\u00f3 unas palabras recordando su labor, en especial los a\u00f1os que Meli estuvo en la junta directiva de nuestra asociaci\u00f3n<\/p>\n\n\n\n<p style=\"text-align:center\"><img loading=\"lazy\" decoding=\"async\" width=\"250\" height=\"188\" class=\"wp-image-1122\" style=\"width: 250px;\" src=\"http:\/\/aosma.es\/wordpress\/wp-content\/uploads\/2019\/06\/agradece_mariajose.jpg\" alt=\"\" srcset=\"https:\/\/aosma.es\/wordpress\/wp-content\/uploads\/2019\/06\/agradece_mariajose.jpg 1600w, https:\/\/aosma.es\/wordpress\/wp-content\/uploads\/2019\/06\/agradece_mariajose-300x225.jpg 300w, https:\/\/aosma.es\/wordpress\/wp-content\/uploads\/2019\/06\/agradece_mariajose-768x576.jpg 768w, https:\/\/aosma.es\/wordpress\/wp-content\/uploads\/2019\/06\/agradece_mariajose-1024x768.jpg 1024w\" sizes=\"auto, (max-width: 250px) 100vw, 250px\" \/> <img loading=\"lazy\" decoding=\"async\" width=\"250\" height=\"188\" class=\"wp-image-1125\" style=\"width: 250px;\" src=\"http:\/\/aosma.es\/wordpress\/wp-content\/uploads\/2019\/06\/ana_cobos_agradece.jpg\" alt=\"\" srcset=\"https:\/\/aosma.es\/wordpress\/wp-content\/uploads\/2019\/06\/ana_cobos_agradece.jpg 1600w, https:\/\/aosma.es\/wordpress\/wp-content\/uploads\/2019\/06\/ana_cobos_agradece-300x225.jpg 300w, https:\/\/aosma.es\/wordpress\/wp-content\/uploads\/2019\/06\/ana_cobos_agradece-768x576.jpg 768w, https:\/\/aosma.es\/wordpress\/wp-content\/uploads\/2019\/06\/ana_cobos_agradece-1024x768.jpg 1024w\" sizes=\"auto, (max-width: 250px) 100vw, 250px\" \/> <img loading=\"lazy\" decoding=\"async\" width=\"150\" height=\"200\" class=\"wp-image-1124\" style=\"width: 150px;\" src=\"http:\/\/aosma.es\/wordpress\/wp-content\/uploads\/2019\/06\/agradecimiento_ana.jpg\" alt=\"\" srcset=\"https:\/\/aosma.es\/wordpress\/wp-content\/uploads\/2019\/06\/agradecimiento_ana.jpg 1200w, https:\/\/aosma.es\/wordpress\/wp-content\/uploads\/2019\/06\/agradecimiento_ana-225x300.jpg 225w, https:\/\/aosma.es\/wordpress\/wp-content\/uploads\/2019\/06\/agradecimiento_ana-768x1024.jpg 768w\" sizes=\"auto, (max-width: 150px) 100vw, 150px\" \/> <img loading=\"lazy\" decoding=\"async\" width=\"250\" height=\"188\" class=\"wp-image-1126\" style=\"width: 250px;\" src=\"http:\/\/aosma.es\/wordpress\/wp-content\/uploads\/2019\/06\/ana_meli.jpg\" alt=\"\" srcset=\"https:\/\/aosma.es\/wordpress\/wp-content\/uploads\/2019\/06\/ana_meli.jpg 1600w, https:\/\/aosma.es\/wordpress\/wp-content\/uploads\/2019\/06\/ana_meli-300x225.jpg 300w, https:\/\/aosma.es\/wordpress\/wp-content\/uploads\/2019\/06\/ana_meli-768x576.jpg 768w, https:\/\/aosma.es\/wordpress\/wp-content\/uploads\/2019\/06\/ana_meli-1024x768.jpg 1024w\" sizes=\"auto, (max-width: 250px) 100vw, 250px\" \/><\/p>\n\n\n\n<p style=\"text-align:justify\">Despu\u00e9s realizamos una visita guiada a la exposici\u00f3n temporal del CAC de M\u00e1laga: \u00ab<strong>Make something different\u00bb \u00abLa gran corriente pop del siglo XXI<\/strong>\u00ab, comisariada por Alicia Guti\u00e9rrez M\u00e1rmol y la prestigiosa galer\u00eda japonesa Nanzuka  con obras de Julio Anaya, Daniel Arsham, Erik Parker, Haroshi, Harumi Yamaguchi, Hajime Sorayama, Hiroki Tsukuda, Julia Chiang, James Jarvis, el malague\u00f1o Javier Calleja con unas obras muy&#8230; \u00a1escolares! que tambi\u00e9n expone en la galer\u00eda Nanzuka. <\/p>\n\n\n\n<p style=\"text-align:center\"><img loading=\"lazy\" decoding=\"async\" width=\"250\" height=\"188\" class=\"wp-image-1155\" style=\"width: 250px;\" src=\"http:\/\/aosma.es\/wordpress\/wp-content\/uploads\/2019\/07\/IMG_20190702_181507912.jpg\" alt=\"\" srcset=\"https:\/\/aosma.es\/wordpress\/wp-content\/uploads\/2019\/07\/IMG_20190702_181507912.jpg 4096w, https:\/\/aosma.es\/wordpress\/wp-content\/uploads\/2019\/07\/IMG_20190702_181507912-300x225.jpg 300w, https:\/\/aosma.es\/wordpress\/wp-content\/uploads\/2019\/07\/IMG_20190702_181507912-768x576.jpg 768w, https:\/\/aosma.es\/wordpress\/wp-content\/uploads\/2019\/07\/IMG_20190702_181507912-1024x768.jpg 1024w\" sizes=\"auto, (max-width: 250px) 100vw, 250px\" \/> <img loading=\"lazy\" decoding=\"async\" width=\"250\" height=\"188\" class=\"wp-image-1137\" style=\"width: 250px;\" src=\"http:\/\/aosma.es\/wordpress\/wp-content\/uploads\/2019\/07\/CAC2.jpg\" alt=\"\" srcset=\"https:\/\/aosma.es\/wordpress\/wp-content\/uploads\/2019\/07\/CAC2.jpg 1600w, https:\/\/aosma.es\/wordpress\/wp-content\/uploads\/2019\/07\/CAC2-300x225.jpg 300w, https:\/\/aosma.es\/wordpress\/wp-content\/uploads\/2019\/07\/CAC2-768x576.jpg 768w, https:\/\/aosma.es\/wordpress\/wp-content\/uploads\/2019\/07\/CAC2-1024x768.jpg 1024w\" sizes=\"auto, (max-width: 250px) 100vw, 250px\" \/><img loading=\"lazy\" decoding=\"async\" width=\"250\" height=\"188\" class=\"wp-image-1147\" style=\"width: 250px;\" src=\"http:\/\/aosma.es\/wordpress\/wp-content\/uploads\/2019\/07\/IMG_20190702_174549914.jpg\" alt=\"\" srcset=\"https:\/\/aosma.es\/wordpress\/wp-content\/uploads\/2019\/07\/IMG_20190702_174549914.jpg 4096w, https:\/\/aosma.es\/wordpress\/wp-content\/uploads\/2019\/07\/IMG_20190702_174549914-300x225.jpg 300w, https:\/\/aosma.es\/wordpress\/wp-content\/uploads\/2019\/07\/IMG_20190702_174549914-768x576.jpg 768w, https:\/\/aosma.es\/wordpress\/wp-content\/uploads\/2019\/07\/IMG_20190702_174549914-1024x768.jpg 1024w\" sizes=\"auto, (max-width: 250px) 100vw, 250px\" \/> <img loading=\"lazy\" decoding=\"async\" width=\"250\" height=\"188\" class=\"wp-image-1140\" style=\"width: 250px;\" src=\"http:\/\/aosma.es\/wordpress\/wp-content\/uploads\/2019\/07\/cac5.jpg\" alt=\"\" srcset=\"https:\/\/aosma.es\/wordpress\/wp-content\/uploads\/2019\/07\/cac5.jpg 1600w, https:\/\/aosma.es\/wordpress\/wp-content\/uploads\/2019\/07\/cac5-300x225.jpg 300w, https:\/\/aosma.es\/wordpress\/wp-content\/uploads\/2019\/07\/cac5-768x576.jpg 768w, https:\/\/aosma.es\/wordpress\/wp-content\/uploads\/2019\/07\/cac5-1024x768.jpg 1024w\" sizes=\"auto, (max-width: 250px) 100vw, 250px\" \/> <img loading=\"lazy\" decoding=\"async\" width=\"250\" height=\"188\" class=\"wp-image-1154\" style=\"width: 250px;\" src=\"http:\/\/aosma.es\/wordpress\/wp-content\/uploads\/2019\/07\/IMG_20190702_180039887.jpg\" alt=\"\" srcset=\"https:\/\/aosma.es\/wordpress\/wp-content\/uploads\/2019\/07\/IMG_20190702_180039887.jpg 4096w, https:\/\/aosma.es\/wordpress\/wp-content\/uploads\/2019\/07\/IMG_20190702_180039887-300x225.jpg 300w, https:\/\/aosma.es\/wordpress\/wp-content\/uploads\/2019\/07\/IMG_20190702_180039887-768x576.jpg 768w, https:\/\/aosma.es\/wordpress\/wp-content\/uploads\/2019\/07\/IMG_20190702_180039887-1024x768.jpg 1024w\" sizes=\"auto, (max-width: 250px) 100vw, 250px\" \/> <img loading=\"lazy\" decoding=\"async\" width=\"250\" height=\"188\" class=\"wp-image-1153\" style=\"width: 250px;\" src=\"http:\/\/aosma.es\/wordpress\/wp-content\/uploads\/2019\/07\/IMG_20190702_175722958.jpg\" alt=\"\" srcset=\"https:\/\/aosma.es\/wordpress\/wp-content\/uploads\/2019\/07\/IMG_20190702_175722958.jpg 4096w, https:\/\/aosma.es\/wordpress\/wp-content\/uploads\/2019\/07\/IMG_20190702_175722958-300x225.jpg 300w, https:\/\/aosma.es\/wordpress\/wp-content\/uploads\/2019\/07\/IMG_20190702_175722958-768x576.jpg 768w, https:\/\/aosma.es\/wordpress\/wp-content\/uploads\/2019\/07\/IMG_20190702_175722958-1024x768.jpg 1024w\" sizes=\"auto, (max-width: 250px) 100vw, 250px\" \/> <img loading=\"lazy\" decoding=\"async\" width=\"250\" height=\"188\" class=\"wp-image-1152\" style=\"width: 250px;\" src=\"http:\/\/aosma.es\/wordpress\/wp-content\/uploads\/2019\/07\/IMG_20190702_175706123.jpg\" alt=\"\" srcset=\"https:\/\/aosma.es\/wordpress\/wp-content\/uploads\/2019\/07\/IMG_20190702_175706123.jpg 4096w, https:\/\/aosma.es\/wordpress\/wp-content\/uploads\/2019\/07\/IMG_20190702_175706123-300x225.jpg 300w, https:\/\/aosma.es\/wordpress\/wp-content\/uploads\/2019\/07\/IMG_20190702_175706123-768x576.jpg 768w, https:\/\/aosma.es\/wordpress\/wp-content\/uploads\/2019\/07\/IMG_20190702_175706123-1024x768.jpg 1024w\" sizes=\"auto, (max-width: 250px) 100vw, 250px\" \/> <img loading=\"lazy\" decoding=\"async\" width=\"150\" height=\"200\" class=\"wp-image-1150\" style=\"width: 150px;\" src=\"http:\/\/aosma.es\/wordpress\/wp-content\/uploads\/2019\/07\/IMG_20190702_175152776.jpg\" alt=\"\" srcset=\"https:\/\/aosma.es\/wordpress\/wp-content\/uploads\/2019\/07\/IMG_20190702_175152776.jpg 3072w, https:\/\/aosma.es\/wordpress\/wp-content\/uploads\/2019\/07\/IMG_20190702_175152776-225x300.jpg 225w, https:\/\/aosma.es\/wordpress\/wp-content\/uploads\/2019\/07\/IMG_20190702_175152776-768x1024.jpg 768w\" sizes=\"auto, (max-width: 150px) 100vw, 150px\" \/><\/p>\n\n\n\n<p><\/p>\n\n\n\n<p><\/p>\n\n\n\n<p><\/p>\n","protected":false},"excerpt":{"rendered":"<p>Para cerrar este curso 2018\/19 el pasado martes 2 de julio, tuvimos una jornada cultural en el Centro de Arte Contempor\u00e1neo. Adem\u00e1s de una comida en su magn\u00edfico restaurante. Aprovechamos los postres y la sobremesa para hacer entrega de las \u00abBiznagas\u00bb a las compa\u00f1eras que este a\u00f1o se han jubilado.<\/p>\n","protected":false},"author":2,"featured_media":1106,"comment_status":"open","ping_status":"open","sticky":false,"template":"","format":"standard","meta":{"generate_page_header":"","footnotes":""},"categories":[14],"tags":[],"class_list":["post-1091","post","type-post","status-publish","format-standard","has-post-thumbnail","hentry","category-noticias","generate-columns","tablet-grid-50","mobile-grid-100","grid-parent","grid-50"],"_links":{"self":[{"href":"https:\/\/aosma.es\/wordpress\/wp-json\/wp\/v2\/posts\/1091","targetHints":{"allow":["GET"]}}],"collection":[{"href":"https:\/\/aosma.es\/wordpress\/wp-json\/wp\/v2\/posts"}],"about":[{"href":"https:\/\/aosma.es\/wordpress\/wp-json\/wp\/v2\/types\/post"}],"author":[{"embeddable":true,"href":"https:\/\/aosma.es\/wordpress\/wp-json\/wp\/v2\/users\/2"}],"replies":[{"embeddable":true,"href":"https:\/\/aosma.es\/wordpress\/wp-json\/wp\/v2\/comments?post=1091"}],"version-history":[{"count":18,"href":"https:\/\/aosma.es\/wordpress\/wp-json\/wp\/v2\/posts\/1091\/revisions"}],"predecessor-version":[{"id":1158,"href":"https:\/\/aosma.es\/wordpress\/wp-json\/wp\/v2\/posts\/1091\/revisions\/1158"}],"wp:featuredmedia":[{"embeddable":true,"href":"https:\/\/aosma.es\/wordpress\/wp-json\/wp\/v2\/media\/1106"}],"wp:attachment":[{"href":"https:\/\/aosma.es\/wordpress\/wp-json\/wp\/v2\/media?parent=1091"}],"wp:term":[{"taxonomy":"category","embeddable":true,"href":"https:\/\/aosma.es\/wordpress\/wp-json\/wp\/v2\/categories?post=1091"},{"taxonomy":"post_tag","embeddable":true,"href":"https:\/\/aosma.es\/wordpress\/wp-json\/wp\/v2\/tags?post=1091"}],"curies":[{"name":"wp","href":"https:\/\/api.w.org\/{rel}","templated":true}]}}