{"id":1018,"date":"2019-04-23T16:40:34","date_gmt":"2019-04-23T16:40:34","guid":{"rendered":"http:\/\/aosma.es\/wordpress\/?p=1018"},"modified":"2019-04-23T17:36:20","modified_gmt":"2019-04-23T17:36:20","slug":"convenio-marco-de-colaboracion-entre-la-escuela-autonoma-de-direccion-de-empresas-eade-y-aosma","status":"publish","type":"post","link":"https:\/\/aosma.es\/wordpress\/2019\/04\/23\/convenio-marco-de-colaboracion-entre-la-escuela-autonoma-de-direccion-de-empresas-eade-y-aosma\/","title":{"rendered":"Convenio marco de colaboraci\u00f3n entre la Escuela Aut\u00f3noma de Direcci\u00f3n de Empresas (EADE) Y AOSMA"},"content":{"rendered":"\n<p>El jueves 4 de abril de 2019 nos reunimos con D. Gabriel Arrabal S\u00e1nchez, director de Estudios Universitarios, para firmar un convenio que esblezca un acuerdo amplio de colaboraci\u00f3n entre EADE y la Asociaci\u00f3n AOSMA para la realizaci\u00f3n en com\u00fan de actividades de asesoramiento, investigaci\u00f3n, formaci\u00f3n o cualquier otro tipo que redunden en beneficio de ambas partes, especialmente dentro del \u00e1mbito de la educaci\u00f3n:<\/p>\n\n\n\n<!--more-->\n\n\n\n<ul class=\"wp-block-list\"><li>Cooperaci\u00f3n en el desarrollo de programas de difusi\u00f3n y conciencia social en relaci\u00f3n con la orientaci\u00f3n educativa. <\/li><li>Desarrollo de cursos de formaci\u00f3n en torno a los diversos aspectos de creaci\u00f3n audiovisual, dirigidos a los distintos sectores sociales (profesores, estudiantes, profesionales, familiares e interesados). <\/li><li>Realizaci\u00f3n de pr\u00e1cticas de alumnos de EADE en programas y  de la Asociaci\u00f3n AOSMA. En el caso de acuerdos de pr\u00e1cticas profesionales<strong>,<\/strong> se firmar\u00e1n convenios espec\u00edficos que incluir\u00e1n los nombres de los alumnos, la actividad que realizar\u00e1n y c\u00f3mo ser\u00e1n supervisados y evaluados. Dichos convenios de colaboraci\u00f3n har\u00e1n menci\u00f3n expl\u00edcita a que el ejercicio de las mismas no generar\u00e1 relaci\u00f3n contractual entre las partes.  <\/li><li>Intercambio de informaci\u00f3n y documentaci\u00f3n <\/li><li>Cualquier actividad que, en el \u00e1mbito de este Convenio, redunde en beneficio mutuo. <\/li><li><\/li><li>EADE y la Asociaci\u00f3n AOSMA se <strong>reunir\u00e1n peri\u00f3dicamente<\/strong> para evaluar las actividades que emanen de este convenio marco.<\/li><\/ul>\n\n\n\n<figure class=\"wp-block-image\"><img loading=\"lazy\" decoding=\"async\" width=\"960\" height=\"720\" src=\"http:\/\/aosma.es\/wordpress\/wp-content\/uploads\/2019\/04\/Dibujo-sin-t\u00edtulo.jpg\" alt=\"\" class=\"wp-image-1028\" srcset=\"https:\/\/aosma.es\/wordpress\/wp-content\/uploads\/2019\/04\/Dibujo-sin-t\u00edtulo.jpg 960w, https:\/\/aosma.es\/wordpress\/wp-content\/uploads\/2019\/04\/Dibujo-sin-t\u00edtulo-300x225.jpg 300w, https:\/\/aosma.es\/wordpress\/wp-content\/uploads\/2019\/04\/Dibujo-sin-t\u00edtulo-768x576.jpg 768w\" sizes=\"auto, (max-width: 960px) 100vw, 960px\" \/><figcaption>Pablo y Gabriel de EADE junto con Felipe y Fernando de AOSMA<\/figcaption><\/figure>\n","protected":false},"excerpt":{"rendered":"<p>El jueves 4 de abril de 2019 nos reunimos con D. Gabriel Arrabal S\u00e1nchez, director de Estudios Universitarios, para firmar un convenio que esblezca un acuerdo amplio de colaboraci\u00f3n entre EADE y la Asociaci\u00f3n AOSMA para la realizaci\u00f3n en com\u00fan de actividades de asesoramiento, investigaci\u00f3n, formaci\u00f3n o cualquier otro tipo que redunden en beneficio de &#8230; <a title=\"Convenio marco de colaboraci\u00f3n entre la Escuela Aut\u00f3noma de Direcci\u00f3n de Empresas (EADE) Y AOSMA\" class=\"read-more\" href=\"https:\/\/aosma.es\/wordpress\/2019\/04\/23\/convenio-marco-de-colaboracion-entre-la-escuela-autonoma-de-direccion-de-empresas-eade-y-aosma\/\" aria-label=\"Leer m\u00e1s sobre Convenio marco de colaboraci\u00f3n entre la Escuela Aut\u00f3noma de Direcci\u00f3n de Empresas (EADE) Y AOSMA\">Leer m\u00e1s<\/a><\/p>\n","protected":false},"author":2,"featured_media":1032,"comment_status":"open","ping_status":"open","sticky":false,"template":"","format":"standard","meta":{"generate_page_header":"","footnotes":""},"categories":[8,14],"tags":[],"class_list":["post-1018","post","type-post","status-publish","format-standard","has-post-thumbnail","hentry","category-miscelanea","category-noticias","generate-columns","tablet-grid-50","mobile-grid-100","grid-parent","grid-50"],"_links":{"self":[{"href":"https:\/\/aosma.es\/wordpress\/wp-json\/wp\/v2\/posts\/1018","targetHints":{"allow":["GET"]}}],"collection":[{"href":"https:\/\/aosma.es\/wordpress\/wp-json\/wp\/v2\/posts"}],"about":[{"href":"https:\/\/aosma.es\/wordpress\/wp-json\/wp\/v2\/types\/post"}],"author":[{"embeddable":true,"href":"https:\/\/aosma.es\/wordpress\/wp-json\/wp\/v2\/users\/2"}],"replies":[{"embeddable":true,"href":"https:\/\/aosma.es\/wordpress\/wp-json\/wp\/v2\/comments?post=1018"}],"version-history":[{"count":5,"href":"https:\/\/aosma.es\/wordpress\/wp-json\/wp\/v2\/posts\/1018\/revisions"}],"predecessor-version":[{"id":1031,"href":"https:\/\/aosma.es\/wordpress\/wp-json\/wp\/v2\/posts\/1018\/revisions\/1031"}],"wp:featuredmedia":[{"embeddable":true,"href":"https:\/\/aosma.es\/wordpress\/wp-json\/wp\/v2\/media\/1032"}],"wp:attachment":[{"href":"https:\/\/aosma.es\/wordpress\/wp-json\/wp\/v2\/media?parent=1018"}],"wp:term":[{"taxonomy":"category","embeddable":true,"href":"https:\/\/aosma.es\/wordpress\/wp-json\/wp\/v2\/categories?post=1018"},{"taxonomy":"post_tag","embeddable":true,"href":"https:\/\/aosma.es\/wordpress\/wp-json\/wp\/v2\/tags?post=1018"}],"curies":[{"name":"wp","href":"https:\/\/api.w.org\/{rel}","templated":true}]}}